{"id":209884,"date":"2022-04-03T13:32:05","date_gmt":"2022-04-03T18:32:05","guid":{"rendered":"https:\/\/plazajuarez.mx\/?p=209884"},"modified":"2022-04-03T13:32:13","modified_gmt":"2022-04-03T18:32:13","slug":"civiles_revocacion","status":"publish","type":"post","link":"https:\/\/plazajuarez.mx\/historico\/civiles_revocacion\/","title":{"rendered":"Organizaciones civiles marchan contra consulta de revocaci\u00f3n"},"content":{"rendered":"\n<p> Al grito de: \u00a1Andr\u00e9s escucha, el INE no se toca!, diversas organizaciones civiles marcharon del \u00c1ngel de la Independencia hacia el Monumento a la Revoluci\u00f3n para manifestar su rechazo a la consulta popular de revocaci\u00f3n de mandato que se llevar\u00e1 a cabo este domingo 10 de abril.<\/p>\n\n\n\n<p>Con una pancarta con la leyenda: &#8220;No votes el 10 de abril&#8221;, decenas de manifestantes marcharon sobre avenida Paseo de la Reforma que consignas contra la revocaci\u00f3n de mandato.<\/p>\n\n\n\n<p>Al frente de la marcha se encontraba el activista Adri\u00e1n LeBar\u00f3n, quien en entrevista con EL UNIVERSAL mencion\u00f3 que est\u00e1 acompa\u00f1ando a las personas que lo han apoyado durante sus protestas, adem\u00e1s de manifestar su molestia por la revocaci\u00f3n de mandato.<\/p>\n\n\n\n<p>&#8220;Mi grito es ese: Terminas y te vas. Yo no estoy pidiendo que sea revocado, por eso yo no estoy a favor de la revocaci\u00f3n del mandato como se est\u00e1 manejando.<\/p>\n\n\n\n<p>Parece que hay chanchullo o algo. Para m\u00ed no es nada transparente. Siento que nos est\u00e1n manipulando y yo estoy por un M\u00e9xico unido y no dividido&#8221;, explic\u00f3.<\/p>\n\n\n\n<p>Tambi\u00e9n entre los participantes, se encontraba el ex dirigente del PRD, Jes\u00fas Ortega, quien coment\u00f3 al Gran Diario de M\u00e9xico que acudi\u00f3 a la marcha porque est\u00e1 en contra de la revocaci\u00f3n de mandato y para defender los \u00f3rganos aut\u00f3nomos.<\/p>\n\n\n\n<p>&#8220;Vengo para defender la Constituci\u00f3n ante los atropellos de L\u00f3pez Obrador, quien busca desaparecer todos los \u00f3rganos aut\u00f3nomos y los poderes independientes. Someter al Poder Judicial, someter al Poder Legislativo. Terminar con el INE y construir una autocracia totalitaria. Por eso marchamos aqu\u00ed y en muchas partes de la Rep\u00fablica&#8221;, mencion\u00f3.<\/p>\n\n\n\n<p>Los cientos de manifestantes con pancartas con la leyenda &#8220;Nadie Vota, nadie revoca&#8221; y &#8220;AMLO terminas y te vas&#8221; gritaron consignas contra el hijo del presidente Andr\u00e9s Manuel L\u00f3pez Obrador: &#8220;Tu hijo es un ratero, te agarra de cajero&#8221;.<\/p>\n\n\n\n<p>Durante la marcha, algunos manifestantes gritaban: &#8220;Presidente&#8221; a Enrique de la Madrid, hijo del expresidente, Miguel de la Madrid, quien tambi\u00e9n estuvo presente en la marcha.<\/p>\n","protected":false},"excerpt":{"rendered":"<p>Al grito de: \u00a1Andr\u00e9s escucha, el INE no se toca!, diversas organizaciones civiles marcharon del \u00c1ngel de la Independencia hacia el Monumento a la Revoluci\u00f3n para manifestar su rechazo a la consulta popular de revocaci\u00f3n de mandato que se llevar\u00e1 a cabo este domingo 10 de abril. Con una pancarta con la leyenda: &#8220;No votes [&hellip;]<\/p>\n","protected":false},"author":81,"featured_media":209487,"comment_status":"closed","ping_status":"closed","sticky":false,"template":"","format":"standard","meta":{"footnotes":""},"categories":[36],"tags":[144],"class_list":["post-209884","post","type-post","status-publish","format-standard","has-post-thumbnail","hentry","category-nacion","tag-amlo"],"_links":{"self":[{"href":"https:\/\/plazajuarez.mx\/historico\/wp-json\/wp\/v2\/posts\/209884","targetHints":{"allow":["GET"]}}],"collection":[{"href":"https:\/\/plazajuarez.mx\/historico\/wp-json\/wp\/v2\/posts"}],"about":[{"href":"https:\/\/plazajuarez.mx\/historico\/wp-json\/wp\/v2\/types\/post"}],"author":[{"embeddable":true,"href":"https:\/\/plazajuarez.mx\/historico\/wp-json\/wp\/v2\/users\/81"}],"replies":[{"embeddable":true,"href":"https:\/\/plazajuarez.mx\/historico\/wp-json\/wp\/v2\/comments?post=209884"}],"version-history":[{"count":0,"href":"https:\/\/plazajuarez.mx\/historico\/wp-json\/wp\/v2\/posts\/209884\/revisions"}],"wp:featuredmedia":[{"embeddable":true,"href":"https:\/\/plazajuarez.mx\/historico\/wp-json\/wp\/v2\/media\/209487"}],"wp:attachment":[{"href":"https:\/\/plazajuarez.mx\/historico\/wp-json\/wp\/v2\/media?parent=209884"}],"wp:term":[{"taxonomy":"category","embeddable":true,"href":"https:\/\/plazajuarez.mx\/historico\/wp-json\/wp\/v2\/categories?post=209884"},{"taxonomy":"post_tag","embeddable":true,"href":"https:\/\/plazajuarez.mx\/historico\/wp-json\/wp\/v2\/tags?post=209884"}],"curies":[{"name":"wp","href":"https:\/\/api.w.org\/{rel}","templated":true}]}}