{"id":209852,"date":"2022-04-03T09:35:03","date_gmt":"2022-04-03T14:35:03","guid":{"rendered":"https:\/\/plazajuarez.mx\/?p=209852"},"modified":"2022-04-03T09:38:49","modified_gmt":"2022-04-03T14:38:49","slug":"solicitan-ayuda-para-localizar-a-casimira-landa-almanza","status":"publish","type":"post","link":"https:\/\/plazajuarez.mx\/historico\/solicitan-ayuda-para-localizar-a-casimira-landa-almanza\/","title":{"rendered":"Solicitan ayuda para localizar a Casimira Landa Almanza"},"content":{"rendered":"\n<p>Familiares y amigos de Casimira Landa Almanza solicitan ayuda para localizarla, ya que no la han podido contactar y temen por su seguridad e integridad, la \u00faltima vez que la vieron fue el primero de marzo del presente a\u00f1o cuando sali\u00f3 de su casa en la colonia Nueva Uni\u00f3n, ubicada en el Carmen.&nbsp;<\/p>\n\n\n\n<p>Informaron que dej\u00f3 a sus hijos solos, y cuando transcurri\u00f3 mucho tiempo y no regresaba; ellos, junto con sus familiares, tomaron la decisi\u00f3n de solicitar ayuda en los diversos grupos que hay en la plataforma de facebook.&nbsp;<\/p>\n\n\n\n<p>Sus caracter\u00edsticas f\u00edsicas son: tez morena, cabello de color caf\u00e9 oscuro, complexi\u00f3n robusta, ceja delgada y ojos caf\u00e9 claros.&nbsp; Hasta el momento no saben nada de la ahora desaparecida.&nbsp;<\/p>\n\n\n\n<p>Finalmente, para cualquier dato acerca de su paradero, solicitan que marquen al n\u00famero de seguridad p\u00fablica: 779-79-60-22.&nbsp;<\/p>\n","protected":false},"excerpt":{"rendered":"<p>Familiares y amigos de Casimira Landa Almanza solicitan ayuda para localizarla, ya que no la han podido contactar y temen por su seguridad e integridad, la \u00faltima vez que la vieron fue el primero de marzo del presente a\u00f1o cuando sali\u00f3 de su casa en la colonia Nueva Uni\u00f3n, ubicada en el Carmen.&nbsp; Informaron que [&hellip;]<\/p>\n","protected":false},"author":78,"featured_media":209861,"comment_status":"closed","ping_status":"closed","sticky":false,"template":"","format":"standard","meta":{"footnotes":""},"categories":[2159,40],"tags":[],"class_list":["post-209852","post","type-post","status-publish","format-standard","has-post-thumbnail","hentry","category-noticias-de-hidalgo","category-region"],"_links":{"self":[{"href":"https:\/\/plazajuarez.mx\/historico\/wp-json\/wp\/v2\/posts\/209852","targetHints":{"allow":["GET"]}}],"collection":[{"href":"https:\/\/plazajuarez.mx\/historico\/wp-json\/wp\/v2\/posts"}],"about":[{"href":"https:\/\/plazajuarez.mx\/historico\/wp-json\/wp\/v2\/types\/post"}],"author":[{"embeddable":true,"href":"https:\/\/plazajuarez.mx\/historico\/wp-json\/wp\/v2\/users\/78"}],"replies":[{"embeddable":true,"href":"https:\/\/plazajuarez.mx\/historico\/wp-json\/wp\/v2\/comments?post=209852"}],"version-history":[{"count":0,"href":"https:\/\/plazajuarez.mx\/historico\/wp-json\/wp\/v2\/posts\/209852\/revisions"}],"wp:featuredmedia":[{"embeddable":true,"href":"https:\/\/plazajuarez.mx\/historico\/wp-json\/wp\/v2\/media\/209861"}],"wp:attachment":[{"href":"https:\/\/plazajuarez.mx\/historico\/wp-json\/wp\/v2\/media?parent=209852"}],"wp:term":[{"taxonomy":"category","embeddable":true,"href":"https:\/\/plazajuarez.mx\/historico\/wp-json\/wp\/v2\/categories?post=209852"},{"taxonomy":"post_tag","embeddable":true,"href":"https:\/\/plazajuarez.mx\/historico\/wp-json\/wp\/v2\/tags?post=209852"}],"curies":[{"name":"wp","href":"https:\/\/api.w.org\/{rel}","templated":true}]}}