{"id":209839,"date":"2022-04-03T07:54:58","date_gmt":"2022-04-03T12:54:58","guid":{"rendered":"https:\/\/plazajuarez.mx\/?p=209839"},"modified":"2022-04-03T07:55:09","modified_gmt":"2022-04-03T12:55:09","slug":"cuatro-cortometrajes-dirigidos-a-las-infancias","status":"publish","type":"post","link":"https:\/\/plazajuarez.mx\/historico\/cuatro-cortometrajes-dirigidos-a-las-infancias\/","title":{"rendered":"Cuatro cortometrajes\u00a0dirigidos a las infancias"},"content":{"rendered":"\n<p>En Cine para las Diversidades, este jueves 7 de abril se proyectar\u00e1n cortometrajes en centros culturales de Hidalgo.&nbsp;<\/p>\n\n\n\n<p>Ser\u00e1n \u201cCerulia\u201d de Sof\u00eda Carrillo, \u201cPolvo de estrellas\u201d de Aldo Sotelo L\u00e1zaro, \u201cLos contreras family\u201d de Alejandro Becerril El\u00edas y \u201cElena y las sombras\u201d de C\u00e9sar Gabriel Cepeda S\u00e1nchez.&nbsp;<\/p>\n\n\n\n<p>Los cuatro cortometrajes \u201ctienen el prop\u00f3sito de programar y exhibir producciones de calidad para fomentar entre el p\u00fablico infantil el gusto por el cine y retroalimentar a las ni\u00f1as y ni\u00f1os con la recreaci\u00f3n de costumbres, inquietudes y cotidianidad de las ni\u00f1as y ni\u00f1os en otras partes del pa\u00eds y del mundo\u201d.&nbsp;<\/p>\n\n\n\n<p>La proyecci\u00f3n comenzar\u00e1 a las 4:00 de la tarde en el Centro Regional, ubicado en Zacualtip\u00e1n y en Zimap\u00e1n. A las 5:00 ser\u00e1 en el Centro Cultural de Valle del Mezquital y por \u00faltimo, a las 7:00 de la noche se proyectar\u00e1n en el Centro Regional ubicado en Real del Monte\u201d.&nbsp;<\/p>\n\n\n\n<p>\u201cCerulia\u201d es un cortometraje ganador de un Ariel por mejor cortometraje animado y en \u00e9l se narra el viaje que hace Cerulia para despedirse de la casa de su ni\u00f1ez, por su parte \u201cPolvo de estrellas\u201d trata de Ad\u00e1n, un ni\u00f1o que se ve obligado a recolectar basura junto con su padre Hilario.<\/p>\n\n\n\n<p>\u201cLos contreras family\u201d retrata la historia de una familia disfuncional en la que cada uno de sus integrantes se dedica a una actividad il\u00edcita, pero ninguno lo sabe, de acuerdo a la sinopsis de FilminLatino.\u00a0<\/p>\n","protected":false},"excerpt":{"rendered":"<p>En Cine para las Diversidades, este jueves 7 de abril se proyectar\u00e1n cortometrajes en centros culturales de Hidalgo.&nbsp; Ser\u00e1n \u201cCerulia\u201d de Sof\u00eda Carrillo, \u201cPolvo de estrellas\u201d de Aldo Sotelo L\u00e1zaro, \u201cLos contreras family\u201d de Alejandro Becerril El\u00edas y \u201cElena y las sombras\u201d de C\u00e9sar Gabriel Cepeda S\u00e1nchez.&nbsp; Los cuatro cortometrajes \u201ctienen el prop\u00f3sito de programar [&hellip;]<\/p>\n","protected":false},"author":101,"featured_media":209833,"comment_status":"closed","ping_status":"closed","sticky":false,"template":"","format":"standard","meta":{"footnotes":""},"categories":[15,59],"tags":[],"class_list":["post-209839","post","type-post","status-publish","format-standard","has-post-thumbnail","hentry","category-destacadas","category-general"],"_links":{"self":[{"href":"https:\/\/plazajuarez.mx\/historico\/wp-json\/wp\/v2\/posts\/209839","targetHints":{"allow":["GET"]}}],"collection":[{"href":"https:\/\/plazajuarez.mx\/historico\/wp-json\/wp\/v2\/posts"}],"about":[{"href":"https:\/\/plazajuarez.mx\/historico\/wp-json\/wp\/v2\/types\/post"}],"author":[{"embeddable":true,"href":"https:\/\/plazajuarez.mx\/historico\/wp-json\/wp\/v2\/users\/101"}],"replies":[{"embeddable":true,"href":"https:\/\/plazajuarez.mx\/historico\/wp-json\/wp\/v2\/comments?post=209839"}],"version-history":[{"count":0,"href":"https:\/\/plazajuarez.mx\/historico\/wp-json\/wp\/v2\/posts\/209839\/revisions"}],"wp:featuredmedia":[{"embeddable":true,"href":"https:\/\/plazajuarez.mx\/historico\/wp-json\/wp\/v2\/media\/209833"}],"wp:attachment":[{"href":"https:\/\/plazajuarez.mx\/historico\/wp-json\/wp\/v2\/media?parent=209839"}],"wp:term":[{"taxonomy":"category","embeddable":true,"href":"https:\/\/plazajuarez.mx\/historico\/wp-json\/wp\/v2\/categories?post=209839"},{"taxonomy":"post_tag","embeddable":true,"href":"https:\/\/plazajuarez.mx\/historico\/wp-json\/wp\/v2\/tags?post=209839"}],"curies":[{"name":"wp","href":"https:\/\/api.w.org\/{rel}","templated":true}]}}