{"id":209782,"date":"2022-04-01T23:09:22","date_gmt":"2022-04-02T05:09:22","guid":{"rendered":"https:\/\/plazajuarez.mx\/?p=209782"},"modified":"2022-04-01T23:09:31","modified_gmt":"2022-04-02T05:09:31","slug":"hayya-hayya-el-tema-oficial-del-mundial","status":"publish","type":"post","link":"https:\/\/plazajuarez.mx\/historico\/hayya-hayya-el-tema-oficial-del-mundial\/","title":{"rendered":"&#8220;Hayya hayya&#8221;, el tema oficial del Mundial"},"content":{"rendered":"\n<p>&#8220;Hayya hayya&#8221;, el tema oficial de la pr\u00f3xima Copa del Mundo en Qatar, ha conmocionado a redes sociales porque para varios usuarios, no es tan potente como en otras ediciones, entre ellas el &#8220;Waka waka&#8221;, de Shakira, compuesta para el certamen de 2010.<\/p>\n\n\n\n<p>El estadounidense Trinidad Cardona, el nigeriano Davido y la cantante local Aisha son los int\u00e9rpretes de la canci\u00f3n que fue presentada ayer, previo al sorteo que defini\u00f3 a los grupos que competir\u00e1n en el Mundial.<\/p>\n\n\n\n<p>M\u00e1s de 600 mil reproducciones se contabilizaron en las primeras dos horas en la cuenta oficial de la FIFA en YouTube, habiendo tambi\u00e9n decenas de cuentas que lo han subido, obteniendo buenos n\u00fameros de visualizaciones. Pero, \u00bfqui\u00e9nes son sus int\u00e9rpretes?<\/p>\n\n\n\n<p><strong>TRINIDAD CARDONA<\/strong><\/p>\n\n\n\n<p>Cantante estadounidense de 22 a\u00f1os cuyo tema &#8220;Jennifer&#8221;, el cual lo catapult\u00f3 medi\u00e1ticamente, compuso en un ba\u00f1o. O al menos eso es lo que ha dicho en diversas entrevistas.<\/p>\n\n\n\n<p>Fue criado por una pareja compuesta por dos mujeres: tras el encarcelamiento de su padre, su madre biol\u00f3gica se relacion\u00f3 con una puertorrique\u00f1a. De ni\u00f1o, por su f\u00edsico, era continuamente atacado en la escuela y fue cuando encontr\u00f3 en la m\u00fasica un reducto para huir de su realidad.<\/p>\n\n\n\n<p>Fue novio de Meredith Reeves, una rapera y youtuber. &#8220;Love me back&#8221;, &#8220;Letter to her&#8221;, &#8220;Mad love&#8221; y &#8220;Por favor&#8221; son algunos de sus temas, cuyos videos en internet llegan a contabilizar cerca del mill\u00f3n de visualizaciones.<\/p>\n\n\n\n<p><strong>DAVIDO<\/strong><\/p>\n\n\n\n<p>La aceptaci\u00f3n de su m\u00fasica lo ha llevado al cine, formando parte del elenco de &#8220;Un pr\u00edncipe en Nueva York 2&#8221;, estrenada en streaming el a\u00f1o pasado. Es cantante, compositor y productor discogr\u00e1fico estadounidense-nigeriano, pero estudi\u00f3 administraci\u00f3n de empresas, algo que le ha ayudado en su carrera.<\/p>\n\n\n\n<p>A sus 29 a\u00f1os ha publicado temas como &#8220;Gobe&#8221;, &#8220;Aye&#8221; y &#8220;The sound&#8221;, pero tambi\u00e9n ha sido se\u00f1alado continuamente de pertenecer a una secta, lo cual siempre ha negado.<\/p>\n\n\n\n<p>En 2017 fue elegido como mejor artista africano en los premios MOBO y por MTV Europe Music Award. Previo a la pandemia fue considerado por la revista Times como una de las 20 personas que pod\u00edan cambiar el mundo.<\/p>\n\n\n\n<p><strong>AISHA<\/strong><\/p>\n\n\n\n<p>Su nombre significa &#8220;llena de vitalidad&#8221;. Es una de las artistas m\u00e1s populares en Qatar, sede del Mundial de F\u00fatbol, pero su reconocimiento es tal que se ha presentado en la Asamblea General de las Naciones Unidas e inaugura diversos festivales art\u00edsticos como el de Doha.<\/p>\n","protected":false},"excerpt":{"rendered":"<p>&#8220;Hayya hayya&#8221;, el tema oficial de la pr\u00f3xima Copa del Mundo en Qatar, ha conmocionado a redes sociales porque para varios usuarios, no es tan potente como en otras ediciones, entre ellas el &#8220;Waka waka&#8221;, de Shakira, compuesta para el certamen de 2010. El estadounidense Trinidad Cardona, el nigeriano Davido y la cantante local Aisha [&hellip;]<\/p>\n","protected":false},"author":81,"featured_media":209783,"comment_status":"closed","ping_status":"closed","sticky":false,"template":"","format":"standard","meta":{"footnotes":""},"categories":[38],"tags":[],"class_list":["post-209782","post","type-post","status-publish","format-standard","has-post-thumbnail","hentry","category-show"],"_links":{"self":[{"href":"https:\/\/plazajuarez.mx\/historico\/wp-json\/wp\/v2\/posts\/209782","targetHints":{"allow":["GET"]}}],"collection":[{"href":"https:\/\/plazajuarez.mx\/historico\/wp-json\/wp\/v2\/posts"}],"about":[{"href":"https:\/\/plazajuarez.mx\/historico\/wp-json\/wp\/v2\/types\/post"}],"author":[{"embeddable":true,"href":"https:\/\/plazajuarez.mx\/historico\/wp-json\/wp\/v2\/users\/81"}],"replies":[{"embeddable":true,"href":"https:\/\/plazajuarez.mx\/historico\/wp-json\/wp\/v2\/comments?post=209782"}],"version-history":[{"count":0,"href":"https:\/\/plazajuarez.mx\/historico\/wp-json\/wp\/v2\/posts\/209782\/revisions"}],"wp:featuredmedia":[{"embeddable":true,"href":"https:\/\/plazajuarez.mx\/historico\/wp-json\/wp\/v2\/media\/209783"}],"wp:attachment":[{"href":"https:\/\/plazajuarez.mx\/historico\/wp-json\/wp\/v2\/media?parent=209782"}],"wp:term":[{"taxonomy":"category","embeddable":true,"href":"https:\/\/plazajuarez.mx\/historico\/wp-json\/wp\/v2\/categories?post=209782"},{"taxonomy":"post_tag","embeddable":true,"href":"https:\/\/plazajuarez.mx\/historico\/wp-json\/wp\/v2\/tags?post=209782"}],"curies":[{"name":"wp","href":"https:\/\/api.w.org\/{rel}","templated":true}]}}