{"id":209674,"date":"2022-04-01T11:11:25","date_gmt":"2022-04-01T17:11:25","guid":{"rendered":"https:\/\/plazajuarez.mx\/?p=209674"},"modified":"2022-04-01T11:11:55","modified_gmt":"2022-04-01T17:11:55","slug":"lopez-obrador-afirma-que-eeuu-quedo-satisfecho-tras-reunion-sobre-energia","status":"publish","type":"post","link":"https:\/\/plazajuarez.mx\/historico\/lopez-obrador-afirma-que-eeuu-quedo-satisfecho-tras-reunion-sobre-energia\/","title":{"rendered":"L\u00f3pez Obrador afirma que EEUU qued\u00f3 &#8220;satisfecho&#8221; tras reuni\u00f3n sobre energ\u00eda"},"content":{"rendered":"\n<p>El presidente mexicano, Andr\u00e9s Manuel L\u00f3pez Obrador, afirm\u00f3 este viernes que &#8220;qued\u00f3 satisfecho&#8221; el enviado especial de Estados Unidos para el clima, John Kerry, tras la reuni\u00f3n del jueves en la que abordaron la pol\u00e9mica reforma energ\u00e9tica de M\u00e9xico.<\/p>\n\n\n\n<p>\u201cAyer estuvimos con el se\u00f1or Kerry, el embajador de Estados Unidos en M\u00e9xico (Ken Salazar), con empresarios, y se les explic\u00f3 el porqu\u00e9 de esta iniciativa, y al parecer se sintieron atendidos y satisfechos&#8221;, asegur\u00f3 el mandatario en su conferencia diaria en el Palacio Nacional.<\/p>\n\n\n\n<p>L\u00f3pez Obrador hizo estas declaraciones tras una reuni\u00f3n de cinco horas este jueves en la que expuso a Kerry su reforma el\u00e9ctrica, que limitar\u00eda al 46 % la participaci\u00f3n privada en el sector para priorizar a la Comisi\u00f3n Federal de Electricidad (CFE), la empresa del Estado.<\/p>\n\n\n\n<p>Tras el encuentro, Kerry declar\u00f3 a medios que M\u00e9xico se comprometi\u00f3 a proteger las energ\u00edas limpias y respetar contratos hechos dentro de la reforma, que tal como est\u00e1 planteada ahora amenaza con violar el Tratado entre M\u00e9xico, Estados Unidos y Canad\u00e1 (T-MEC).<\/p>\n\n\n\n<p>\u201cS\u00ed se habl\u00f3 del tratado porque se dice que nosotros no estamos cumpliendo con el tratado por este tema&#8221;, reconoci\u00f3 ahora L\u00f3pez Obrador.<\/p>\n\n\n\n<p>Pero el presidente dijo que argument\u00f3 ante los estadounidenses que su equipo negociador protegi\u00f3 la soberan\u00eda del petr\u00f3leo en el T-MEC, que no hay nada que implique que M\u00e9xico est\u00e1 incumpliendo en el sector el\u00e9ctrico y que su Gobierno no puede &#8220;suscribir nada que signifique corrupci\u00f3n&#8221;.<\/p>\n\n\n\n<p>Tambi\u00e9n reafirm\u00f3 que la &#8220;reforma se queda como est\u00e1&#8221;, y neg\u00f3 que hubiese aceptado que Estados Unidos crease un grupo para vigilar la reforma el\u00e9ctrica.<\/p>\n\n\n\n<p>\u201cHay cosas que tienen que ver con los principios, y hay un principio b\u00e1sico, que es el de la defensa de nuestra soberan\u00eda\u201d, argument\u00f3.<\/p>\n\n\n\n<p>La iniciativa, que ahora se discute en el Congreso, tambi\u00e9n causa pol\u00e9mica en Estados Unidos porque da prioridad a las plantas de la CFE sobre las renovables de privados, revisar\u00eda contratos previos y eliminar\u00eda los reguladores aut\u00f3nomos.<\/p>\n\n\n\n<p>Por ello, Katherine Tai, representante comercial de Estados Unidos, avis\u00f3 el jueves que analiza medidas dentro del T-MEC, si se avala la reforma.<\/p>\n\n\n\n<p>El presidente de M\u00e9xico asever\u00f3 que \u201cno se trata de una iniciativa estatista ni expropiatoria&#8221;, porque busca &#8220;rescatar a Pemex y a la CFE por seguridad nacional&#8221;.<\/p>\n\n\n\n<p>\u201cEl 46 % del mercado el\u00e9ctrico mexicano representa un volumen de generaci\u00f3n superior al de todos los pa\u00edses de Am\u00e9rica Latina, con excepci\u00f3n de Brasil, solo el 46 %. \u00bfD\u00f3nde est\u00e1 la estatizaci\u00f3n, si estamos compartiendo el mercado?\u201d, manifest\u00f3.<\/p>\n\n\n\n<p>L\u00f3pez Obrador tambi\u00e9n respondi\u00f3 que &#8220;no es cierto que la iniciativa tenga que ver con promover las energ\u00edas sucias&#8221;.<\/p>\n\n\n\n<p>Cit\u00f3 que M\u00e9xico solo tiene tres plantas carbon\u00edferas que trabajan al 50 % de su capacidad, que producen el 0,35 % de la energ\u00eda con carb\u00f3n de China y solo el 2,1 % con el de Estados Unidos.<\/p>\n\n\n\n<p>\u201cEstamos en condiciones de apoyar a la transici\u00f3n energ\u00e9tica de la industria automotriz norteamericana en M\u00e9xico, aport\u00e1ndole la energ\u00eda limpia que requiera\u201d, coment\u00f3.<\/p>\n\n\n\n<p>PETR\u00d3LEO Y GAS<\/p>\n\n\n\n<p>Sobre petr\u00f3leo, prometi\u00f3 que \u201cse respetar\u00e1n los permisos de importaci\u00f3n que se entregaron a cinco petroleras (Exxon, Valero, Shell, Tesoro y Koch) para introducir combustible; esto fue en el sexenio anterior, bajo condiciones de precios justos y legalidad\u201d.<\/p>\n\n\n\n<p>Asimismo, ofreci\u00f3 condiciones para que empresas estadounidenses, como Sempra, hagan inversiones de entre 3.000 y 4.000 millones de d\u00f3lares para plantas de licuefacci\u00f3n de gas en el Pac\u00edfico para exportarlo a Asia.<\/p>\n\n\n\n<p>&#8220;No hubo realmente protestas, fueron muy respetuosos, estaba el gerente de Sempra y otros empresarios muy importantes del sector energ\u00e9tico&#8221;, dijo.<\/p>\n","protected":false},"excerpt":{"rendered":"<p>El presidente mexicano, Andr\u00e9s Manuel L\u00f3pez Obrador, afirm\u00f3 este viernes que &#8220;qued\u00f3 satisfecho&#8221; el enviado especial de Estados Unidos para el clima, John Kerry, tras la reuni\u00f3n del jueves en la que abordaron la pol\u00e9mica reforma energ\u00e9tica de M\u00e9xico. \u201cAyer estuvimos con el se\u00f1or Kerry, el embajador de Estados Unidos en M\u00e9xico (Ken Salazar), con [&hellip;]<\/p>\n","protected":false},"author":80,"featured_media":209675,"comment_status":"closed","ping_status":"closed","sticky":false,"template":"","format":"standard","meta":{"footnotes":""},"categories":[15,36],"tags":[],"class_list":["post-209674","post","type-post","status-publish","format-standard","has-post-thumbnail","hentry","category-destacadas","category-nacion"],"_links":{"self":[{"href":"https:\/\/plazajuarez.mx\/historico\/wp-json\/wp\/v2\/posts\/209674","targetHints":{"allow":["GET"]}}],"collection":[{"href":"https:\/\/plazajuarez.mx\/historico\/wp-json\/wp\/v2\/posts"}],"about":[{"href":"https:\/\/plazajuarez.mx\/historico\/wp-json\/wp\/v2\/types\/post"}],"author":[{"embeddable":true,"href":"https:\/\/plazajuarez.mx\/historico\/wp-json\/wp\/v2\/users\/80"}],"replies":[{"embeddable":true,"href":"https:\/\/plazajuarez.mx\/historico\/wp-json\/wp\/v2\/comments?post=209674"}],"version-history":[{"count":0,"href":"https:\/\/plazajuarez.mx\/historico\/wp-json\/wp\/v2\/posts\/209674\/revisions"}],"wp:featuredmedia":[{"embeddable":true,"href":"https:\/\/plazajuarez.mx\/historico\/wp-json\/wp\/v2\/media\/209675"}],"wp:attachment":[{"href":"https:\/\/plazajuarez.mx\/historico\/wp-json\/wp\/v2\/media?parent=209674"}],"wp:term":[{"taxonomy":"category","embeddable":true,"href":"https:\/\/plazajuarez.mx\/historico\/wp-json\/wp\/v2\/categories?post=209674"},{"taxonomy":"post_tag","embeddable":true,"href":"https:\/\/plazajuarez.mx\/historico\/wp-json\/wp\/v2\/tags?post=209674"}],"curies":[{"name":"wp","href":"https:\/\/api.w.org\/{rel}","templated":true}]}}