{"id":209424,"date":"2022-03-30T07:49:54","date_gmt":"2022-03-30T13:49:54","guid":{"rendered":"https:\/\/plazajuarez.mx\/?p=209424"},"modified":"2022-03-30T07:50:07","modified_gmt":"2022-03-30T13:50:07","slug":"inicia-aplicacion-de-la-vacuna-de-refuerzo-para-mayores-de-18-anos","status":"publish","type":"post","link":"https:\/\/plazajuarez.mx\/historico\/inicia-aplicacion-de-la-vacuna-de-refuerzo-para-mayores-de-18-anos\/","title":{"rendered":"Inicia aplicaci\u00f3n de la vacuna de refuerzo para mayores de 18 a\u00f1os\u00a0"},"content":{"rendered":"\n<p><strong>Zapotl\u00e1n de Ju\u00e1rez<\/strong>.- La delegaci\u00f3n Hidalgo de Bienestar, invita a j\u00f3venes mayores de 18 a\u00f1os para que acudan a aplicarse la vacuna de refuerzo en las tres sedes de del municipio de Zapotl\u00e1n: San Pedro Huaquilpan, en el auditorio ejidal, mientras que en en la cabecera de Zapotl\u00e1n el personal estar\u00e1 en el auditorio, y en Acayuca en el Centro de Salud con un horario de 8:00 de la ma\u00f1ana a 1:00 de la tarde.\u00a0<\/p>\n\n\n\n<p>El personal les solicita a los j\u00f3venes que acudan que tengan por lo menos cuatro meses de la \u00faltima aplicaci\u00f3n; la vacuna que colocar\u00e1n es la de la farmac\u00e9utica de AstraZeneca.&nbsp;<\/p>\n\n\n\n<p>Para agilizar el proceso de inoculaci\u00f3n, se pide cubrir los siguientes requisitos:<\/p>\n\n\n\n<ul class=\"wp-block-list\"><li>Una identificaci\u00f3n oficial<\/li><li>CURP<\/li><li>Comprobante o constancia de vacunas anteriores<\/li><li>Comprobante del refuerzo de vacunaci\u00f3n, que podr\u00e1s descargar en la p\u00e1gina <a href=\"https:\/\/mivacuna.salud.gob.mx\/index.php?fbclid=IwAR1hjMJvpRDqzJINAM5vgDAlvMsGhbv0uxEGhuVJqfV_P0fRz_xCEQYJAHE\"><em>https:\/\/mivacuna.salud.gob.mx\/index.php<\/em><\/a><\/li><\/ul>\n\n\n\n<p>Para la localidad de San Pedro Huaquilpan, tienen que presentarse los ciudadanos de las colonias Centro de San Pedro, Cerrito, Revoluci\u00f3n Mexicana, Buenos Aires, Ni\u00f1os H\u00e9roes, La Montanera y La Fortaleza, y deber\u00e1n ir al auditorio Ejidal.&nbsp;<\/p>\n\n\n\n<p>Para Zapotl\u00e1n, la aplicaci\u00f3n es ma\u00f1ana 31 de marzo, y deben acudir de la Colonia Centro, Benito Ju\u00e1rez, La Presa, Pueblo Nuevo, Santa Mar\u00eda, Emiliano Zapata, y El Santuario.&nbsp;<\/p>\n\n\n\n<p>Para los habitantes de Acayuca, hoy 30 de marzo deber\u00e1n acudir quienes viven en el Centro, Pedregal, Lazaro Cardenas, Nueva Santa Mar\u00eda, Pueblo Nuevo, y El Herradero.&nbsp;<\/p>\n\n\n\n<p>Mientras que para el 31 de marzo, acudir\u00e1n las personas de Lomas del Pedregal, Lazaro Cardenas, Nueva Santa Mar\u00eda, Pueblo Nuevo, El Herradero.<\/p>\n","protected":false},"excerpt":{"rendered":"<p>Zapotl\u00e1n de Ju\u00e1rez.- La delegaci\u00f3n Hidalgo de Bienestar, invita a j\u00f3venes mayores de 18 a\u00f1os para que acudan a aplicarse la vacuna de refuerzo en las tres sedes de del municipio de Zapotl\u00e1n: San Pedro Huaquilpan, en el auditorio ejidal, mientras que en en la cabecera de Zapotl\u00e1n el personal estar\u00e1 en el auditorio, y [&hellip;]<\/p>\n","protected":false},"author":78,"featured_media":209425,"comment_status":"closed","ping_status":"closed","sticky":false,"template":"","format":"standard","meta":{"footnotes":""},"categories":[2159,40],"tags":[],"class_list":["post-209424","post","type-post","status-publish","format-standard","has-post-thumbnail","hentry","category-noticias-de-hidalgo","category-region"],"_links":{"self":[{"href":"https:\/\/plazajuarez.mx\/historico\/wp-json\/wp\/v2\/posts\/209424","targetHints":{"allow":["GET"]}}],"collection":[{"href":"https:\/\/plazajuarez.mx\/historico\/wp-json\/wp\/v2\/posts"}],"about":[{"href":"https:\/\/plazajuarez.mx\/historico\/wp-json\/wp\/v2\/types\/post"}],"author":[{"embeddable":true,"href":"https:\/\/plazajuarez.mx\/historico\/wp-json\/wp\/v2\/users\/78"}],"replies":[{"embeddable":true,"href":"https:\/\/plazajuarez.mx\/historico\/wp-json\/wp\/v2\/comments?post=209424"}],"version-history":[{"count":0,"href":"https:\/\/plazajuarez.mx\/historico\/wp-json\/wp\/v2\/posts\/209424\/revisions"}],"wp:featuredmedia":[{"embeddable":true,"href":"https:\/\/plazajuarez.mx\/historico\/wp-json\/wp\/v2\/media\/209425"}],"wp:attachment":[{"href":"https:\/\/plazajuarez.mx\/historico\/wp-json\/wp\/v2\/media?parent=209424"}],"wp:term":[{"taxonomy":"category","embeddable":true,"href":"https:\/\/plazajuarez.mx\/historico\/wp-json\/wp\/v2\/categories?post=209424"},{"taxonomy":"post_tag","embeddable":true,"href":"https:\/\/plazajuarez.mx\/historico\/wp-json\/wp\/v2\/tags?post=209424"}],"curies":[{"name":"wp","href":"https:\/\/api.w.org\/{rel}","templated":true}]}}