{"id":209243,"date":"2022-03-29T08:33:33","date_gmt":"2022-03-29T14:33:33","guid":{"rendered":"https:\/\/plazajuarez.mx\/?p=209243"},"modified":"2022-03-29T08:33:43","modified_gmt":"2022-03-29T14:33:43","slug":"arranco-el-12vo-curso-de-calidad-y-seguridad-del-paciente","status":"publish","type":"post","link":"https:\/\/plazajuarez.mx\/historico\/arranco-el-12vo-curso-de-calidad-y-seguridad-del-paciente\/","title":{"rendered":"Arranc\u00f3 el 12vo Curso de Calidad y Seguridad del Paciente"},"content":{"rendered":"\n<p>Se inauguraron, de manera virtual, los trabajos del 12vo Curso de Calidad y Seguridad del Paciente, para la capacitaci\u00f3n y atenci\u00f3n con calidad de la salud materna, que lleva a cabo el Hospital especializado para la atenci\u00f3n de la mujer embarazada, el Obst\u00e9trico de Pachuca.<\/p>\n\n\n\n<p>La lucha contra el virus Sars-Cov-2 dej\u00f3 al descubierto las carencias y necesidades en la atenci\u00f3n m\u00e9dica del mundo, de ah\u00ed la necesidad de retomar, proyectar y garantizar&nbsp; la atenci\u00f3n del paciente quien debe ser atendido con calidad, seguridad y calidez.<\/p>\n\n\n\n<p>Previo a arrancar una serie de conferencias para la actualizaci\u00f3n del personal que labora en el Hospital de la Mujer, se invit\u00f3 a poner en pr\u00e1ctica y demostrar con hechos que los cursos no \u00fanicamente quedan en \u201cletra muerta\u201d; adem\u00e1s de que, el uso de la tecnolog\u00eda y la seguridad del paciente se fundamenten en cuestiones bio\u00e9ticas. &nbsp;<\/p>\n\n\n\n<p>La Subdirecci\u00f3n de Seguridad del Paciente de la SSH, busca impactar en el tema que, de acuerdo a las cifras de la Organizaci\u00f3n Mundial de la Salud (OMS), representa que cerca del 50 por ciento de las personas hospitalizadas sufra alg\u00fan evento adverso y prevenible por falta de normativas para garantizar la integridad de los usuarios.<\/p>\n\n\n\n<p>Se debe concebir a la calidad y seguridad como un acto en el que predominen valores y normas comunes que conlleven a la satisfacci\u00f3n del paciente para minimizar los da\u00f1os ocurridos dentro de centros sanitarios por omisiones o errores, de los cuales se debe aprender y garantizar la buena praxis&nbsp;<\/p>\n\n\n\n<p>Para ofrecer esta atenci\u00f3n integral se mencionaron los 4 pilares de la atenci\u00f3n m\u00e9dica: \u00e9tica, humanismo, capacitaci\u00f3n y \u00e1reas de trabajo dignas y completas.<\/p>\n\n\n\n<p><strong>El programa del curso incluye los temas:&nbsp;<\/strong><\/p>\n\n\n\n<p>Evoluci\u00f3n hist\u00f3rica de la calidad<\/p>\n\n\n\n<p>Liderazgo aplicado al ejemplo y la pr\u00e1ctica<\/p>\n\n\n\n<p>Mala pr\u00e1ctica-m\u00e9dica: Caso m\u00e9dico-legal y dictamen<\/p>\n\n\n\n<p>Pandemia: \u00bfUn obst\u00e1culo para la mejora continua?<\/p>\n\n\n\n<p>Eventos adversos<\/p>\n\n\n\n<p>Se\u00f1al\u00e9tica hospitalaria<\/p>\n\n\n\n<p>Expediente cl\u00ednico: Un punto de buena pr\u00e1ctica<\/p>\n\n\n\n<p>Consentimiento bajo informaci\u00f3n: Un derecho del paciente<\/p>\n\n\n\n<p>Comunicaci\u00f3n asertiva<\/p>\n\n\n\n<p>La queja como elemento de calidad en la atenci\u00f3n m\u00e9dica<\/p>\n\n\n\n<p>Calidad y calidez: Un enfoque al buen trato con el paciente&nbsp;<\/p>\n\n\n\n<p>Relaci\u00f3n m\u00e9dico paciente.<\/p>\n","protected":false},"excerpt":{"rendered":"<p>Se inauguraron, de manera virtual, los trabajos del 12vo Curso de Calidad y Seguridad del Paciente, para la capacitaci\u00f3n y atenci\u00f3n con calidad de la salud materna, que lleva a cabo el Hospital especializado para la atenci\u00f3n de la mujer embarazada, el Obst\u00e9trico de Pachuca. La lucha contra el virus Sars-Cov-2 dej\u00f3 al descubierto las [&hellip;]<\/p>\n","protected":false},"author":93,"featured_media":209244,"comment_status":"closed","ping_status":"closed","sticky":false,"template":"","format":"standard","meta":{"footnotes":""},"categories":[59,2159],"tags":[],"class_list":["post-209243","post","type-post","status-publish","format-standard","has-post-thumbnail","hentry","category-general","category-noticias-de-hidalgo"],"_links":{"self":[{"href":"https:\/\/plazajuarez.mx\/historico\/wp-json\/wp\/v2\/posts\/209243","targetHints":{"allow":["GET"]}}],"collection":[{"href":"https:\/\/plazajuarez.mx\/historico\/wp-json\/wp\/v2\/posts"}],"about":[{"href":"https:\/\/plazajuarez.mx\/historico\/wp-json\/wp\/v2\/types\/post"}],"author":[{"embeddable":true,"href":"https:\/\/plazajuarez.mx\/historico\/wp-json\/wp\/v2\/users\/93"}],"replies":[{"embeddable":true,"href":"https:\/\/plazajuarez.mx\/historico\/wp-json\/wp\/v2\/comments?post=209243"}],"version-history":[{"count":0,"href":"https:\/\/plazajuarez.mx\/historico\/wp-json\/wp\/v2\/posts\/209243\/revisions"}],"wp:featuredmedia":[{"embeddable":true,"href":"https:\/\/plazajuarez.mx\/historico\/wp-json\/wp\/v2\/media\/209244"}],"wp:attachment":[{"href":"https:\/\/plazajuarez.mx\/historico\/wp-json\/wp\/v2\/media?parent=209243"}],"wp:term":[{"taxonomy":"category","embeddable":true,"href":"https:\/\/plazajuarez.mx\/historico\/wp-json\/wp\/v2\/categories?post=209243"},{"taxonomy":"post_tag","embeddable":true,"href":"https:\/\/plazajuarez.mx\/historico\/wp-json\/wp\/v2\/tags?post=209243"}],"curies":[{"name":"wp","href":"https:\/\/api.w.org\/{rel}","templated":true}]}}