{"id":209237,"date":"2022-03-28T16:49:02","date_gmt":"2022-03-28T22:49:02","guid":{"rendered":"https:\/\/plazajuarez.mx\/?p=209237"},"modified":"2022-03-28T16:49:14","modified_gmt":"2022-03-28T22:49:14","slug":"aprueban-iniciativa-de-omar-fayad","status":"publish","type":"post","link":"https:\/\/plazajuarez.mx\/historico\/aprueban-iniciativa-de-omar-fayad\/","title":{"rendered":"Aprueban iniciativa de Omar Fayad"},"content":{"rendered":"\n<p>En sesi\u00f3n ordinaria del Congreso Local, los integrantes de la 65 Legislatura, aprobaron la iniciativa propuesta por el gobernador Omar Fayad Meneses en torno al acceso a la energ\u00eda el\u00e9ctrica de fuentes limpias con lo que el mandatario estatal asegur\u00f3 que se busca garantizar los derechos establecidos en la constituci\u00f3n.<\/p>\n\n\n\n<p>En la propuesta votada ante el pleno del Congreso queda se\u00f1alado que se adicionar\u00e1 un octavo p\u00e1rrafo al art\u00edculo cuarto de la constituci\u00f3n pol\u00edtica de los Estados Unidos Mexicanos por lo que al tratarse de una reforma federal, una vez aprobada en el Congreso Local se remitir\u00e1 a la&nbsp; C\u00e1mara de Diputados del Congreso de la Uni\u00f3n.<\/p>\n\n\n\n<p>La fracci\u00f3n adicionada tambi\u00e9n apunta que: \u201cel Estado establecer\u00e1 las bases y modalidades para garantizar el acceso al suministro de energ\u00eda el\u00e9ctrica de forma democr\u00e1tica, asequible, continua, confiable, segura, y en condiciones de competencia efectiva\u201d.<\/p>\n\n\n\n<p>En la argumentaci\u00f3n el mandatario estatal apunt\u00f3 que la energ\u00eda el\u00e9ctrica debe reconocerse como un derecho humano ya que es una condici\u00f3n necesaria para el goce de otros derechos por lo que enfatiz\u00f3 la importancia que tiene para la poblaci\u00f3n que el Estado garantice el acceso a esta.&nbsp;<\/p>\n\n\n\n<p>\u201cLa energ\u00eda el\u00e9ctrica es usada en pr\u00e1cticamente todos los \u00e1mbitos de la actividad humana para generar energ\u00eda lum\u00ednica, mec\u00e1nica y t\u00e9rmica, as\u00ed como para el procesamiento de la informaci\u00f3n y la realizaci\u00f3n de las telecomunicaciones. Por esta raz\u00f3n, el acceso a la energ\u00eda el\u00e9ctrica debe reconocerse como un derecho humano por ser un presupuesto indispensable, al constituir una condici\u00f3n necesaria para el goce de m\u00faltiples derechos fundamentales\u201d, concluy\u00f3.\u00a0<\/p>\n","protected":false},"excerpt":{"rendered":"<p>En sesi\u00f3n ordinaria del Congreso Local, los integrantes de la 65 Legislatura, aprobaron la iniciativa propuesta por el gobernador Omar Fayad Meneses en torno al acceso a la energ\u00eda el\u00e9ctrica de fuentes limpias con lo que el mandatario estatal asegur\u00f3 que se busca garantizar los derechos establecidos en la constituci\u00f3n. En la propuesta votada ante [&hellip;]<\/p>\n","protected":false},"author":72,"featured_media":197209,"comment_status":"closed","ping_status":"closed","sticky":false,"template":"","format":"standard","meta":{"footnotes":""},"categories":[15,59],"tags":[],"class_list":["post-209237","post","type-post","status-publish","format-standard","has-post-thumbnail","hentry","category-destacadas","category-general"],"_links":{"self":[{"href":"https:\/\/plazajuarez.mx\/historico\/wp-json\/wp\/v2\/posts\/209237","targetHints":{"allow":["GET"]}}],"collection":[{"href":"https:\/\/plazajuarez.mx\/historico\/wp-json\/wp\/v2\/posts"}],"about":[{"href":"https:\/\/plazajuarez.mx\/historico\/wp-json\/wp\/v2\/types\/post"}],"author":[{"embeddable":true,"href":"https:\/\/plazajuarez.mx\/historico\/wp-json\/wp\/v2\/users\/72"}],"replies":[{"embeddable":true,"href":"https:\/\/plazajuarez.mx\/historico\/wp-json\/wp\/v2\/comments?post=209237"}],"version-history":[{"count":0,"href":"https:\/\/plazajuarez.mx\/historico\/wp-json\/wp\/v2\/posts\/209237\/revisions"}],"wp:featuredmedia":[{"embeddable":true,"href":"https:\/\/plazajuarez.mx\/historico\/wp-json\/wp\/v2\/media\/197209"}],"wp:attachment":[{"href":"https:\/\/plazajuarez.mx\/historico\/wp-json\/wp\/v2\/media?parent=209237"}],"wp:term":[{"taxonomy":"category","embeddable":true,"href":"https:\/\/plazajuarez.mx\/historico\/wp-json\/wp\/v2\/categories?post=209237"},{"taxonomy":"post_tag","embeddable":true,"href":"https:\/\/plazajuarez.mx\/historico\/wp-json\/wp\/v2\/tags?post=209237"}],"curies":[{"name":"wp","href":"https:\/\/api.w.org\/{rel}","templated":true}]}}