{"id":209234,"date":"2022-03-28T16:15:55","date_gmt":"2022-03-28T22:15:55","guid":{"rendered":"https:\/\/plazajuarez.mx\/?p=209234"},"modified":"2022-03-28T16:16:06","modified_gmt":"2022-03-28T22:16:06","slug":"los-oscar-will-smith","status":"publish","type":"post","link":"https:\/\/plazajuarez.mx\/historico\/los-oscar-will-smith\/","title":{"rendered":"Los \u00d3scar condenan la bofetada de Will Smith y estudiar\u00e1n un castigo"},"content":{"rendered":"\n<p>La Academia de Hollywood conden\u00f3 este lunes la bofetada de Will Smith a Chris Rock y anunci\u00f3 que abri\u00f3 una investigaci\u00f3n formal en la que estudiar\u00e1 futuras &#8220;acciones&#8221; y &#8220;consecuencias&#8221;.<\/p>\n\n\n\n<p>&#8220;La Academia condena las acciones del se\u00f1or Smith en la gala de anoche. Comenzamos oficialmente una revisi\u00f3n formal del incidente y exploraremos m\u00e1s acciones y consecuencias de acuerdo con nuestros estatutos, normas de conducta y la ley de California&#8221;, dijo la organizaci\u00f3n en un comunicado.<\/p>\n\n\n\n<p>En su escrito, la instituci\u00f3n que entrega los \u00d3scar incluy\u00f3 una copia de su c\u00f3digo de conducta, que, entre otros aspectos, restringe &#8220;el contacto f\u00edsico no solicitado&#8221; y exige que sus miembros se traten con respeto.<\/p>\n\n\n\n<p>La \u00faltima actualizaci\u00f3n de esta normativa fue en 2017, en plena ola del movimiento #MeToo contra el acoso sexual.<\/p>\n\n\n\n<div class=\"wp-block-buttons is-content-justification-center is-layout-flex wp-container-core-buttons-is-layout-16018d1d wp-block-buttons-is-layout-flex\">\n<div class=\"wp-block-button is-style-outline is-style-outline--1\"><a class=\"wp-block-button__link\" href=\"https:\/\/plazajuarez.mx\/historico\/historico\/2022\/03\/28\/coda-da-la-sorpresa-y-triunfa-en-unos-oscar-dominados-por-dune\/\" target=\"_blank\" rel=\"noreferrer noopener\">Te puede interesar: \u201cCODA\u201d da la sorpresa y triunfa en unos \u00d3scar dominados por \u201cDune\u201d<\/a><\/div>\n<\/div>\n\n\n\n<p>En la fiesta posterior a la ceremonia, varios miembros de la Academia comentaron a t\u00edtulo individual que ya hab\u00edan iniciado conversaciones sobre la posibilidad de aplicar medidas disciplinarias contra Smith, pese a que en ese momento la \u00fanica reacci\u00f3n de la instituci\u00f3n hab\u00eda sido un tuit donde afirmaba que no apoyaba la violencia &#8220;en ninguna forma&#8221;.<\/p>\n\n\n\n<p>Los castigos que podr\u00edan imponerse a Smith van desde la suspensi\u00f3n de la Academia, inmediata o temporal, a una reprimenda, o incluso la retirada del premio que gan\u00f3 el domingo por su papel protagonista en &#8220;King Richard&#8221;.<\/p>\n\n\n\n<p>En un intento de redimirse, el actor pidi\u00f3 disculpas en directo en su discurso de agradecimiento por el galard\u00f3n.<\/p>\n\n\n\n<p>&#8220;Quiero disculparme con la Academia y quiero disculparme con todos mis compa\u00f1eros nominados: este es un momento hermoso y no estoy llorando por ganar un premio&#8221;, dijo ante la mirada at\u00f3nita del p\u00fablico presente, que enmudeci\u00f3 durante su larga intervenci\u00f3n.<\/p>\n\n\n\n<p>Minutos antes, Rock hab\u00eda salido al escenario del teatro Dolby para presentar el Oscar al mejor documental e hizo una broma acerca la cabeza rapada de Jada Pinkett-Smith, quien ha reconocido p\u00fablicamente que sufre alopecia, al compararla con la Teniente O&#8217;Neil de la pel\u00edcula de Ridley Scott.<\/p>\n\n\n\n<p>Despu\u00e9s de que Pinkett-Smith cerrara brevemente los ojos en un gesto de fastidio, su marido se levant\u00f3 de su asiento y subi\u00f3 al escenario para propinarle una bofetada a Rock.<\/p>\n\n\n\n<p>&#8220;Mant\u00e9n el nombre de mi esposa fuera de tu puta boca&#8221;, le grit\u00f3 Smith ante el desconcierto generalizado.<\/p>\n\n\n\n<p>Tras ese inesperado momento, que gener\u00f3 multitud de debates en la sala de prensa y las inmediaciones del teatro sobre si fue espont\u00e1neo o estaba preparado, el actor tuvo que subir a agradecer el \u00d3scar y aprovech\u00f3 para justificar una reacci\u00f3n que se confirm\u00f3 aut\u00e9ntica.<\/p>\n","protected":false},"excerpt":{"rendered":"<p>La Academia de Hollywood conden\u00f3 este lunes la bofetada de Will Smith a Chris Rock y anunci\u00f3 que abri\u00f3 una investigaci\u00f3n formal en la que estudiar\u00e1 futuras &#8220;acciones&#8221; y &#8220;consecuencias&#8221;. &#8220;La Academia condena las acciones del se\u00f1or Smith en la gala de anoche. Comenzamos oficialmente una revisi\u00f3n formal del incidente y exploraremos m\u00e1s acciones y [&hellip;]<\/p>\n","protected":false},"author":80,"featured_media":209235,"comment_status":"closed","ping_status":"closed","sticky":false,"template":"","format":"standard","meta":{"footnotes":""},"categories":[38,2166],"tags":[2337,2228,2341],"class_list":["post-209234","post","type-post","status-publish","format-standard","has-post-thumbnail","hentry","category-show","category-viral","tag-oscar","tag-show","tag-will-smith"],"_links":{"self":[{"href":"https:\/\/plazajuarez.mx\/historico\/wp-json\/wp\/v2\/posts\/209234","targetHints":{"allow":["GET"]}}],"collection":[{"href":"https:\/\/plazajuarez.mx\/historico\/wp-json\/wp\/v2\/posts"}],"about":[{"href":"https:\/\/plazajuarez.mx\/historico\/wp-json\/wp\/v2\/types\/post"}],"author":[{"embeddable":true,"href":"https:\/\/plazajuarez.mx\/historico\/wp-json\/wp\/v2\/users\/80"}],"replies":[{"embeddable":true,"href":"https:\/\/plazajuarez.mx\/historico\/wp-json\/wp\/v2\/comments?post=209234"}],"version-history":[{"count":0,"href":"https:\/\/plazajuarez.mx\/historico\/wp-json\/wp\/v2\/posts\/209234\/revisions"}],"wp:featuredmedia":[{"embeddable":true,"href":"https:\/\/plazajuarez.mx\/historico\/wp-json\/wp\/v2\/media\/209235"}],"wp:attachment":[{"href":"https:\/\/plazajuarez.mx\/historico\/wp-json\/wp\/v2\/media?parent=209234"}],"wp:term":[{"taxonomy":"category","embeddable":true,"href":"https:\/\/plazajuarez.mx\/historico\/wp-json\/wp\/v2\/categories?post=209234"},{"taxonomy":"post_tag","embeddable":true,"href":"https:\/\/plazajuarez.mx\/historico\/wp-json\/wp\/v2\/tags?post=209234"}],"curies":[{"name":"wp","href":"https:\/\/api.w.org\/{rel}","templated":true}]}}