{"id":209227,"date":"2022-03-28T15:06:40","date_gmt":"2022-03-28T21:06:40","guid":{"rendered":"https:\/\/plazajuarez.mx\/?p=209227"},"modified":"2022-03-28T15:07:18","modified_gmt":"2022-03-28T21:07:18","slug":"una-avioneta-se-estrella-contra-supermercado-en-mexico-y-causa-varios-heridos","status":"publish","type":"post","link":"https:\/\/plazajuarez.mx\/historico\/una-avioneta-se-estrella-contra-supermercado-en-mexico-y-causa-varios-heridos\/","title":{"rendered":"Una avioneta se estrella contra supermercado en M\u00e9xico y causa varios heridos"},"content":{"rendered":"\n<p>Una avioneta se estrell\u00f3 este lunes contra un supermercado en Temixco, Morelos, y caus\u00f3 varios heridos, seg\u00fan informaron las autoridades.<\/p>\n\n\n\n<p>&#8220;Personal de Protecci\u00f3n Civil y cuerpos de emergencia ya se encuentran auxiliando a personas que resultaron heridas tras el accidente de una avioneta en un centro comercial de Temixco&#8221;, expres\u00f3 el gobernador de Morelos, Cuauht\u00e9moc Blanco, a trav\u00e9s de Twitter.<\/p>\n\n\n\n<p>Cerca de las 13.00 horas la avioneta (19.00 horas GMT) la aeronave colision\u00f3 contra el supermercado de la empresa Bodega Aurrer\u00e1 en un aparatoso accidente cuyo origen se desconoce.<\/p>\n\n\n\n<p>Por el momento no se conoce cu\u00e1ntas personas podr\u00edan haber resultado heridas ni si hay alg\u00fan fallecido, porque las autoridades se encuentran investigando el suceso en el lugar de los hechos.<\/p>\n\n\n\n<p>En im\u00e1genes retransmitidas en medios locales, se ve que los vecinos y personas que estaban en la zona ayudaron en el rescate de las personas mano a manos con las autoridades que ya llegaron al lugar del suceso.<\/p>\n\n\n\n<p>&#8220;Se reporta accidente de aeronave sobre la colonia Pueblo Viejo del municipio de Temixco, informaci\u00f3n en proceso. Elementos de esta dependencia acuden a la zona, brinda el paso a los veh\u00edculos de emergencia&#8221;, comunic\u00f3 Protecci\u00f3n Civil de Morelos en Twitter.<\/p>\n\n\n\n<p>Los accidentes de avioneta y helic\u00f3ptero dejan varios muertos al a\u00f1o en M\u00e9xico.<\/p>\n\n\n\n<p>Entre los casos m\u00e1s medi\u00e1ticos se encuentra la muerte de la cantante estadounidense de origen mexicano Jenni Rivera en 2012 en una avioneta.<\/p>\n\n\n\n<p>O el accidente de helic\u00f3ptero ocurrido en la Nochebuena de 2018 en el que falleci\u00f3 la entonces gobernadora de Puebla, Martha Erika Alonso Hidalgo, y su esposo, el senador Rafael Moreno Valle.<\/p>\n","protected":false},"excerpt":{"rendered":"<p>Una avioneta se estrell\u00f3 este lunes contra un supermercado en Temixco, Morelos, y caus\u00f3 varios heridos, seg\u00fan informaron las autoridades. &#8220;Personal de Protecci\u00f3n Civil y cuerpos de emergencia ya se encuentran auxiliando a personas que resultaron heridas tras el accidente de una avioneta en un centro comercial de Temixco&#8221;, expres\u00f3 el gobernador de Morelos, Cuauht\u00e9moc [&hellip;]<\/p>\n","protected":false},"author":80,"featured_media":209228,"comment_status":"closed","ping_status":"closed","sticky":false,"template":"","format":"standard","meta":{"footnotes":""},"categories":[15,36,2160],"tags":[],"class_list":["post-209227","post","type-post","status-publish","format-standard","has-post-thumbnail","hentry","category-destacadas","category-nacion","category-noticias-de-la-ciudad-de-mexico"],"_links":{"self":[{"href":"https:\/\/plazajuarez.mx\/historico\/wp-json\/wp\/v2\/posts\/209227","targetHints":{"allow":["GET"]}}],"collection":[{"href":"https:\/\/plazajuarez.mx\/historico\/wp-json\/wp\/v2\/posts"}],"about":[{"href":"https:\/\/plazajuarez.mx\/historico\/wp-json\/wp\/v2\/types\/post"}],"author":[{"embeddable":true,"href":"https:\/\/plazajuarez.mx\/historico\/wp-json\/wp\/v2\/users\/80"}],"replies":[{"embeddable":true,"href":"https:\/\/plazajuarez.mx\/historico\/wp-json\/wp\/v2\/comments?post=209227"}],"version-history":[{"count":0,"href":"https:\/\/plazajuarez.mx\/historico\/wp-json\/wp\/v2\/posts\/209227\/revisions"}],"wp:featuredmedia":[{"embeddable":true,"href":"https:\/\/plazajuarez.mx\/historico\/wp-json\/wp\/v2\/media\/209228"}],"wp:attachment":[{"href":"https:\/\/plazajuarez.mx\/historico\/wp-json\/wp\/v2\/media?parent=209227"}],"wp:term":[{"taxonomy":"category","embeddable":true,"href":"https:\/\/plazajuarez.mx\/historico\/wp-json\/wp\/v2\/categories?post=209227"},{"taxonomy":"post_tag","embeddable":true,"href":"https:\/\/plazajuarez.mx\/historico\/wp-json\/wp\/v2\/tags?post=209227"}],"curies":[{"name":"wp","href":"https:\/\/api.w.org\/{rel}","templated":true}]}}