{"id":209104,"date":"2022-03-27T13:35:27","date_gmt":"2022-03-27T19:35:27","guid":{"rendered":"https:\/\/plazajuarez.mx\/?p=209104"},"modified":"2022-03-27T18:32:46","modified_gmt":"2022-03-28T00:32:46","slug":"guillermo_deltoro","status":"publish","type":"post","link":"https:\/\/plazajuarez.mx\/historico\/guillermo_deltoro\/","title":{"rendered":"Guillermo del Toro, de boletero hipocondriaco a asiduo a los Oscar"},"content":{"rendered":"\n<p> En marzo de 2015, Guillermo del Toro fue contundente y de buen humor: &#8220;cuando Alfonso (Cuar\u00f3n) gan\u00f3 el Oscar, hace dos a\u00f1os, nos quit\u00f3 un peso&#8221;.<\/p>\n\n\n\n<p>El tapat\u00edo, junto con Alejandro Gonz\u00e1lez I\u00f1arritu y el propio Cuar\u00f3n, sumaban en 2013 media docena de nominaciones, en todas sin haberse llevado la estatuilla de la Academia.<\/p>\n\n\n\n<p>Despu\u00e9s del cineasta charolastra, &#8220;El Negro&#8221; Gonz\u00e1lez I\u00f1arritu logr\u00f3 el premio por &#8220;Birdman&#8221; y &#8220;El renacido&#8221;, de manera consecutiva. Del Toro lo conseguir\u00eda hasta el 2018 y por partida doble (Direcci\u00f3n y Pel\u00edcula) por &#8220;La forma del agua&#8221;.<\/p>\n\n\n\n<p>&#8220;Son los gemelitos&#8221;, presum\u00eda donde se presentaba para mostrarlos.<\/p>\n\n\n\n<p>El tapat\u00edo logr\u00f3 el Oscar 21 a\u00f1os despu\u00e9s de trabajar en la cinematograf\u00eda afincada en EU y ahora est\u00e1 a la puerta de otro m\u00e1s por &#8220;El callej\u00f3n de las almas perdidas&#8221;, contendiendo en Mejor Pel\u00edcula, en su calidad de productor.<\/p>\n\n\n\n<p>Fue premiada como cinta del a\u00f1o por el American Film Institute, que tambi\u00e9n pens\u00f3 los cr\u00edticos de Phoenix. Pero no le fue igual en los Critics Choice Awards, as\u00ed como tampoco en los c\u00edrculos de cr\u00edticos de Dallas, Minnesota, Oklahoma, Filadelfia y Dakota del Norte.<\/p>\n\n\n\n<p>De hipocondriaco, a boletero a estrella de Hollywood: la vida de Guillermo del Toro<\/p>\n\n\n\n<p>Del Toro, de 56 a\u00f1os, fue un ni\u00f1o hipocondr\u00edaco que se pon\u00eda a s\u00ed mismo cualquier enfermedad sobre la que le\u00eda.<\/p>\n\n\n\n<p>&#8220;Dec\u00eda: tengo triquinosis, tengo cirrosis, ve\u00eda una enciclopedia de la salud e iba con mi mam\u00e1 a decirle que ten\u00eda un derrame cerebral, me preguntaba por qu\u00e9, y le dec\u00eda que me dol\u00eda la cabeza&#8221;, relat\u00f3 en alg\u00fan momento.<\/p>\n\n\n\n<p>Guillermo del Toro G\u00f3mez naci\u00f3 en Guadalajara, Jalisco, el 9 de octubre de 1964.<\/p>\n\n\n\n<p>A los 8 a\u00f1os su habitaci\u00f3n la ten\u00eda llena de monstruos de plastilina que \u00e9l mismo creaba y, a los 14 se encargaba de inventar historias para las fiestas de Halloween que se realizaban en su escuela.<\/p>\n\n\n\n<p>&#8220;El Gordo&#8221;, como le llaman sus amigos, fue el segundo hijo del matrimonio conformado por Federico Del Toro y Guadalupe G\u00f3mez.<\/p>\n\n\n\n<p>Antes de dedicarse al cine de lleno fue programador y proyeccionista en un cineclub de su estado natal, fue agente de bienes ra\u00edces y vendedor de autom\u00f3viles. En la Muestra de Cine Mexicano en Guadalajara, que a\u00f1os despu\u00e9s se convirti\u00f3 en Festival Internacional, fue chofer y boletero.<\/p>\n\n\n\n<p>Su ingreso al celuloide, ha referido el cineasta, se dio por un accidente.<\/p>\n\n\n\n<p>&#8220;Comenc\u00e9 porque tom\u00e9 la c\u00e1mara s\u00faper 8 mil\u00edmetros de mi pap\u00e1. Y la primera vez que v\u00ed en la pantalla proyectado algo que hice, fue algo grande en mi vida&#8221;, ha contado.<\/p>\n\n\n\n<p>En los 90&#8217;s tras laborar en el unitario La hora marcada y asistir en el maquillaje de Cabeza de Vaca, Del Toro prepar\u00f3 su \u00f3pera prima Cronos, sobre el vampirismo.<\/p>\n\n\n\n<p>&#8220;Cuando la hice ten\u00edamos que hipotecar la casa y le dije a mi mujer: hay dos opciones, vivimos con techo y sin pel\u00edcula, o vivimos sin techo, pero con pel\u00edcula. Le dije: \u00b4no quiero llegar a los 60 a\u00f1os y decir yo pude hacer esa pel\u00edcula\u00b4&#8230; y apost\u00e9 todo lo que ten\u00eda&#8221;, record\u00f3.<\/p>\n\n\n\n<p>Luego de la devaluaci\u00f3n de 1994, el adeudo del filme creci\u00f3. Y en eso estaba cuando recibi\u00f3 una llamada de EU para ofrecerle una pel\u00edcula. Del Toro pregunt\u00f3 cu\u00e1nto pagaban y acept\u00f3.<\/p>\n\n\n\n<p>&#8220;Hellboy&#8221;, &#8220;Titanes del Pac\u00edfico&#8221;, &#8220;El espinazo del diablo&#8221;, \u00e9sta producida por los hermanos Almod\u00f3var y &#8220;El laberinto del fauno&#8221;, conforman su filmograf\u00eda cinematogr\u00e1fica, que se ha visto extendida a series televisivas como &#8220;The strain&#8221;.<\/p>\n\n\n\n<p>Esta noche se sabr\u00e1 si su trabajo sigue cosechando galardones.<\/p>\n","protected":false},"excerpt":{"rendered":"<p>En marzo de 2015, Guillermo del Toro fue contundente y de buen humor: &#8220;cuando Alfonso (Cuar\u00f3n) gan\u00f3 el Oscar, hace dos a\u00f1os, nos quit\u00f3 un peso&#8221;. El tapat\u00edo, junto con Alejandro Gonz\u00e1lez I\u00f1arritu y el propio Cuar\u00f3n, sumaban en 2013 media docena de nominaciones, en todas sin haberse llevado la estatuilla de la Academia. Despu\u00e9s [&hellip;]<\/p>\n","protected":false},"author":81,"featured_media":209124,"comment_status":"closed","ping_status":"closed","sticky":false,"template":"","format":"standard","meta":{"footnotes":""},"categories":[38],"tags":[2337],"class_list":["post-209104","post","type-post","status-publish","format-standard","has-post-thumbnail","hentry","category-show","tag-oscar"],"_links":{"self":[{"href":"https:\/\/plazajuarez.mx\/historico\/wp-json\/wp\/v2\/posts\/209104","targetHints":{"allow":["GET"]}}],"collection":[{"href":"https:\/\/plazajuarez.mx\/historico\/wp-json\/wp\/v2\/posts"}],"about":[{"href":"https:\/\/plazajuarez.mx\/historico\/wp-json\/wp\/v2\/types\/post"}],"author":[{"embeddable":true,"href":"https:\/\/plazajuarez.mx\/historico\/wp-json\/wp\/v2\/users\/81"}],"replies":[{"embeddable":true,"href":"https:\/\/plazajuarez.mx\/historico\/wp-json\/wp\/v2\/comments?post=209104"}],"version-history":[{"count":0,"href":"https:\/\/plazajuarez.mx\/historico\/wp-json\/wp\/v2\/posts\/209104\/revisions"}],"wp:featuredmedia":[{"embeddable":true,"href":"https:\/\/plazajuarez.mx\/historico\/wp-json\/wp\/v2\/media\/209124"}],"wp:attachment":[{"href":"https:\/\/plazajuarez.mx\/historico\/wp-json\/wp\/v2\/media?parent=209104"}],"wp:term":[{"taxonomy":"category","embeddable":true,"href":"https:\/\/plazajuarez.mx\/historico\/wp-json\/wp\/v2\/categories?post=209104"},{"taxonomy":"post_tag","embeddable":true,"href":"https:\/\/plazajuarez.mx\/historico\/wp-json\/wp\/v2\/tags?post=209104"}],"curies":[{"name":"wp","href":"https:\/\/api.w.org\/{rel}","templated":true}]}}