{"id":209060,"date":"2022-03-27T08:08:46","date_gmt":"2022-03-27T14:08:46","guid":{"rendered":"https:\/\/plazajuarez.mx\/?p=209060"},"modified":"2022-03-27T08:08:57","modified_gmt":"2022-03-27T14:08:57","slug":"continua-abierta-la-convocatoria-del-bachicon-garza-un-concurso-de-fotografia","status":"publish","type":"post","link":"https:\/\/plazajuarez.mx\/historico\/continua-abierta-la-convocatoria-del-bachicon-garza-un-concurso-de-fotografia\/","title":{"rendered":"Contin\u00faa abierta la convocatoria del \u201cBachic\u00f3n Garza\u201d un concurso de fotograf\u00eda"},"content":{"rendered":"\n<p>Contin\u00faa abierta la convocatoria del \u201cBachic\u00f3n Garza\u201d un concurso de fotograf\u00eda con dispositivos m\u00f3viles que se realiza en el marco de la 11\u00b0 edici\u00f3n del Festival Internacional de la Imagen (FINI) 2022, de la Universidad Aut\u00f3noma del Estado de Hidalgo&nbsp;<\/p>\n\n\n\n<p>El concurso tiene la tem\u00e1tica de \u201cCambio clim\u00e1tico\u201d y la entrega l\u00edmite es el viernes 01 de abril y est\u00e1 dirigido a los estudiantes de bachillerato de la Instituci\u00f3n, quienes deber\u00e1n hacerse la fotograf\u00eda desde un dispositivo m\u00f3vil, ya sea tel\u00e9fono celular o tableta electr\u00f3nica.&nbsp;&nbsp;<\/p>\n\n\n\n<p>El objetivo de la actividad es reconocer \u201cpromover, estimular y difundir el talento fotogr\u00e1fico de las y los estudiantes de nivel bachillerato que han decidido ser Garza\u201d adem\u00e1s de que se busca divulgar la cultura y las artes.&nbsp;<\/p>\n\n\n\n<p>Se descalificar\u00e1 aquellas im\u00e1genes que hayan sido tomadas con c\u00e1maras profesionales e instant\u00e1neas. As\u00ed mismo no podr\u00e1n alterar las im\u00e1genes mediante collage, fotomontaje, doble exposici\u00f3n o ilustraci\u00f3n digital.&nbsp;<\/p>\n\n\n\n<p>Los y las interesadas deber\u00e1n inscribirse a trav\u00e9s de la liga <a href=\"https:\/\/www.uaeh.edu.mx\/fini\/2022\/bachicon.html\">https:\/\/www.uaeh.edu.mx\/fini\/2022\/bachicon.html<\/a>&nbsp;<\/p>\n\n\n\n<p>Un jurado seleccionar\u00e1 a los ganadores, quienes ser\u00e1n dados a conocer el 8 de abril, a trav\u00e9s de redes sociales, y la premiaci\u00f3n, a los tres primeros lugares con un dispositivo m\u00f3vil nuevo, se realizar\u00e1 el 26 de abril a las 12:00 del d\u00eda.<\/p>\n","protected":false},"excerpt":{"rendered":"<p>Contin\u00faa abierta la convocatoria del \u201cBachic\u00f3n Garza\u201d un concurso de fotograf\u00eda con dispositivos m\u00f3viles que se realiza en el marco de la 11\u00b0 edici\u00f3n del Festival Internacional de la Imagen (FINI) 2022, de la Universidad Aut\u00f3noma del Estado de Hidalgo&nbsp; El concurso tiene la tem\u00e1tica de \u201cCambio clim\u00e1tico\u201d y la entrega l\u00edmite es el viernes [&hellip;]<\/p>\n","protected":false},"author":93,"featured_media":209076,"comment_status":"closed","ping_status":"closed","sticky":false,"template":"","format":"standard","meta":{"footnotes":""},"categories":[41,15,59],"tags":[],"class_list":["post-209060","post","type-post","status-publish","format-standard","has-post-thumbnail","hentry","category-arteria-cultural","category-destacadas","category-general"],"_links":{"self":[{"href":"https:\/\/plazajuarez.mx\/historico\/wp-json\/wp\/v2\/posts\/209060","targetHints":{"allow":["GET"]}}],"collection":[{"href":"https:\/\/plazajuarez.mx\/historico\/wp-json\/wp\/v2\/posts"}],"about":[{"href":"https:\/\/plazajuarez.mx\/historico\/wp-json\/wp\/v2\/types\/post"}],"author":[{"embeddable":true,"href":"https:\/\/plazajuarez.mx\/historico\/wp-json\/wp\/v2\/users\/93"}],"replies":[{"embeddable":true,"href":"https:\/\/plazajuarez.mx\/historico\/wp-json\/wp\/v2\/comments?post=209060"}],"version-history":[{"count":0,"href":"https:\/\/plazajuarez.mx\/historico\/wp-json\/wp\/v2\/posts\/209060\/revisions"}],"wp:featuredmedia":[{"embeddable":true,"href":"https:\/\/plazajuarez.mx\/historico\/wp-json\/wp\/v2\/media\/209076"}],"wp:attachment":[{"href":"https:\/\/plazajuarez.mx\/historico\/wp-json\/wp\/v2\/media?parent=209060"}],"wp:term":[{"taxonomy":"category","embeddable":true,"href":"https:\/\/plazajuarez.mx\/historico\/wp-json\/wp\/v2\/categories?post=209060"},{"taxonomy":"post_tag","embeddable":true,"href":"https:\/\/plazajuarez.mx\/historico\/wp-json\/wp\/v2\/tags?post=209060"}],"curies":[{"name":"wp","href":"https:\/\/api.w.org\/{rel}","templated":true}]}}