{"id":209051,"date":"2022-03-26T12:42:28","date_gmt":"2022-03-26T18:42:28","guid":{"rendered":"https:\/\/plazajuarez.mx\/?p=209051"},"modified":"2022-03-26T12:42:37","modified_gmt":"2022-03-26T18:42:37","slug":"consult","status":"publish","type":"post","link":"https:\/\/plazajuarez.mx\/historico\/consult\/","title":{"rendered":"Subsecretario Mej\u00eda Berdeja pide vacaciones para promover consulta"},"content":{"rendered":"\n<p>El subsecretario de Seguridad P\u00fablica Ciudadana, Ricardo Mej\u00eda Berdeja, solicit\u00f3 vacaciones para incorporarse a la promoci\u00f3n de la consulta de Revocaci\u00f3n de Mandato que se realizar\u00e1 el 10 de abril pr\u00f3ximo en el pa\u00eds.<\/p>\n\n\n\n<p>Fuentes del gabinete de seguridad federal informaron que Mej\u00eda Berdeja pidi\u00f3 un periodo de descanso, y al concluir el mismo retomar\u00e1 a sus actividades en la Subsecretar\u00eda de la SSPC, que asumi\u00f3 al inicio del gobierno del presidente Andr\u00e9s Manuel L\u00f3pez Obrador.<\/p>\n\n\n\n<p>El funcionario federal fue visto ayer viernes en el estado de Coahuila, donde lleg\u00f3 para realizar una gira para promover la participaci\u00f3n ciudadana en la Revocaci\u00f3n de Mandato, en la que se decidir\u00e1 la conclusi\u00f3n anticipada del cargo del presidente de la Rep\u00fablica.<\/p>\n\n\n\n<p>De acuerdo con medios locales, Mej\u00eda Berdeja, originario de la Comarca Lagunera, visit\u00f3 las localidades de Casta\u00f1os y San Juan Sabinas.<\/p>\n\n\n\n<p>Como subsecretario de Seguridad P\u00fablica, Ricardo Mej\u00eda Berdeja ha llevado los casos de la masacre en San Jos\u00e9 de Gracia y el asesinato del alcalde de Aguililla, Michoac\u00e1n, C\u00e9sar Arturo Valencia.<\/p>\n\n\n\n<p>Asimismo, los relacionados con los asesinatos de periodistas, entre otros, bajo la estrategia denominada &#8220;Cero Impunidad&#8221;.<\/p>\n","protected":false},"excerpt":{"rendered":"<p>El subsecretario de Seguridad P\u00fablica Ciudadana, Ricardo Mej\u00eda Berdeja, solicit\u00f3 vacaciones para incorporarse a la promoci\u00f3n de la consulta de Revocaci\u00f3n de Mandato que se realizar\u00e1 el 10 de abril pr\u00f3ximo en el pa\u00eds. Fuentes del gabinete de seguridad federal informaron que Mej\u00eda Berdeja pidi\u00f3 un periodo de descanso, y al concluir el mismo retomar\u00e1 [&hellip;]<\/p>\n","protected":false},"author":81,"featured_media":209052,"comment_status":"closed","ping_status":"closed","sticky":false,"template":"","format":"standard","meta":{"footnotes":""},"categories":[36],"tags":[2336],"class_list":["post-209051","post","type-post","status-publish","format-standard","has-post-thumbnail","hentry","category-nacion","tag-consulta"],"_links":{"self":[{"href":"https:\/\/plazajuarez.mx\/historico\/wp-json\/wp\/v2\/posts\/209051","targetHints":{"allow":["GET"]}}],"collection":[{"href":"https:\/\/plazajuarez.mx\/historico\/wp-json\/wp\/v2\/posts"}],"about":[{"href":"https:\/\/plazajuarez.mx\/historico\/wp-json\/wp\/v2\/types\/post"}],"author":[{"embeddable":true,"href":"https:\/\/plazajuarez.mx\/historico\/wp-json\/wp\/v2\/users\/81"}],"replies":[{"embeddable":true,"href":"https:\/\/plazajuarez.mx\/historico\/wp-json\/wp\/v2\/comments?post=209051"}],"version-history":[{"count":0,"href":"https:\/\/plazajuarez.mx\/historico\/wp-json\/wp\/v2\/posts\/209051\/revisions"}],"wp:featuredmedia":[{"embeddable":true,"href":"https:\/\/plazajuarez.mx\/historico\/wp-json\/wp\/v2\/media\/209052"}],"wp:attachment":[{"href":"https:\/\/plazajuarez.mx\/historico\/wp-json\/wp\/v2\/media?parent=209051"}],"wp:term":[{"taxonomy":"category","embeddable":true,"href":"https:\/\/plazajuarez.mx\/historico\/wp-json\/wp\/v2\/categories?post=209051"},{"taxonomy":"post_tag","embeddable":true,"href":"https:\/\/plazajuarez.mx\/historico\/wp-json\/wp\/v2\/tags?post=209051"}],"curies":[{"name":"wp","href":"https:\/\/api.w.org\/{rel}","templated":true}]}}