{"id":209048,"date":"2022-03-26T12:34:20","date_gmt":"2022-03-26T18:34:20","guid":{"rendered":"https:\/\/plazajuarez.mx\/?p=209048"},"modified":"2022-03-26T12:34:31","modified_gmt":"2022-03-26T18:34:31","slug":"onu_energetic","status":"publish","type":"post","link":"https:\/\/plazajuarez.mx\/historico\/onu_energetic\/","title":{"rendered":"Enviado de ONU alienta a la banca mexicana a financiar transici\u00f3n energ\u00e9tica"},"content":{"rendered":"\n<p>El enviado especial de la ONU para Acci\u00f3n Clim\u00e1tica y Finanzas, Mark Carney, alent\u00f3 este viernes a la Asociaci\u00f3n de Bancos de M\u00e9xico (ABM) a financiar la transici\u00f3n energ\u00e9tica al advertir de los crecientes estragos econ\u00f3micos de la crisis clim\u00e1tica.<\/p>\n\n\n\n<p>\u201cEl financiamiento de la transici\u00f3n es y ser\u00e1 una competencia fundamental de los bancos del futuro, dado que para el clima el futuro es ahora, y les aliento a desarrollar esto\u201d, declar\u00f3 Carney, quien fue gobernador de los bancos centrales de Canad\u00e1 e Inglaterra.<\/p>\n\n\n\n<p>Carney particip\u00f3 en la Convenci\u00f3n Bancaria anual de la ABM, que este jueves y viernes regres\u00f3 tras dos a\u00f1os de pandemia de forma presencial a Acapulco con la digitalizaci\u00f3n y el medioambiente como temas centrales.<\/p>\n\n\n\n<p>El funcionario internacional advirti\u00f3 que en los \u00faltimos 25 a\u00f1os &#8220;se han vuelto m\u00e1s severos los eventos climatol\u00f3gicos&#8221;, por lo que las p\u00e9rdidas asociadas a ellos se han incrementado en ocho veces, con la expectativa de que representen un cuarto del producto interno bruto (PIB) mundial para finales del siglo.<\/p>\n\n\n\n<p>Tambi\u00e9n previ\u00f3 que, si las emisiones incrementan en 50 %, 1.000 millones de personas m\u00e1s &#8220;estar\u00e1n sometidas a condiciones climatol\u00f3gicas mucho m\u00e1s severas&#8221;.<\/p>\n\n\n\n<p>En t\u00e9rminos econ\u00f3micos, \u201cel desenlace es el equivalente de una d\u00e9cada de falta de crecimiento global&#8221;, observ\u00f3.<\/p>\n\n\n\n<p>\u201cEn cuanto al clima, la tragedia es algo conocido, producimos demasiadas emisiones de carbono y yo digo que es una tragedia que se est\u00e1 incrementando\u201d, indic\u00f3.<\/p>\n\n\n\n<p>El economista calcul\u00f3 que para lograr la meta del Acuerdo de Par\u00eds de estabilizar el aumento de la temperatura global a 1,5 grados cent\u00edgrados entre ahora y 2150, &#8220;la inversi\u00f3n global en infraestructura energ\u00e9tica se debe elevar en dos puntos porcentuales del PIB\u201d.<\/p>\n\n\n\n<p>\u201cNecesitamos gobiernos con pol\u00edticas energ\u00e9ticas que catalicen la enorme inversi\u00f3n privada. Al igual que cualquier pol\u00edtica y plan, se necesitan tener objetivos claros\u201d, exhort\u00f3.<\/p>\n\n\n\n<p>Ante la coyuntura mundial de la pandemia y la crisis energ\u00e9tica por la guerra en Ucrania, advirti\u00f3 de un &#8220;entorno de gran reto para todos, lo que incluye al mundo emergente&#8221;.<\/p>\n\n\n\n<p>\u201cLa combinaci\u00f3n de altos precios de los energ\u00e9ticos, algunas veces escasez, el riesgo de falta de carb\u00f3n y, de largo plazo, en lo que se refiere a la competitividad clim\u00e1tica, van a generar una transici\u00f3n\u201d, manifest\u00f3.<\/p>\n","protected":false},"excerpt":{"rendered":"<p>El enviado especial de la ONU para Acci\u00f3n Clim\u00e1tica y Finanzas, Mark Carney, alent\u00f3 este viernes a la Asociaci\u00f3n de Bancos de M\u00e9xico (ABM) a financiar la transici\u00f3n energ\u00e9tica al advertir de los crecientes estragos econ\u00f3micos de la crisis clim\u00e1tica. \u201cEl financiamiento de la transici\u00f3n es y ser\u00e1 una competencia fundamental de los bancos del [&hellip;]<\/p>\n","protected":false},"author":80,"featured_media":209049,"comment_status":"closed","ping_status":"closed","sticky":false,"template":"","format":"standard","meta":{"footnotes":""},"categories":[36],"tags":[],"class_list":["post-209048","post","type-post","status-publish","format-standard","has-post-thumbnail","hentry","category-nacion"],"_links":{"self":[{"href":"https:\/\/plazajuarez.mx\/historico\/wp-json\/wp\/v2\/posts\/209048","targetHints":{"allow":["GET"]}}],"collection":[{"href":"https:\/\/plazajuarez.mx\/historico\/wp-json\/wp\/v2\/posts"}],"about":[{"href":"https:\/\/plazajuarez.mx\/historico\/wp-json\/wp\/v2\/types\/post"}],"author":[{"embeddable":true,"href":"https:\/\/plazajuarez.mx\/historico\/wp-json\/wp\/v2\/users\/80"}],"replies":[{"embeddable":true,"href":"https:\/\/plazajuarez.mx\/historico\/wp-json\/wp\/v2\/comments?post=209048"}],"version-history":[{"count":0,"href":"https:\/\/plazajuarez.mx\/historico\/wp-json\/wp\/v2\/posts\/209048\/revisions"}],"wp:featuredmedia":[{"embeddable":true,"href":"https:\/\/plazajuarez.mx\/historico\/wp-json\/wp\/v2\/media\/209049"}],"wp:attachment":[{"href":"https:\/\/plazajuarez.mx\/historico\/wp-json\/wp\/v2\/media?parent=209048"}],"wp:term":[{"taxonomy":"category","embeddable":true,"href":"https:\/\/plazajuarez.mx\/historico\/wp-json\/wp\/v2\/categories?post=209048"},{"taxonomy":"post_tag","embeddable":true,"href":"https:\/\/plazajuarez.mx\/historico\/wp-json\/wp\/v2\/tags?post=209048"}],"curies":[{"name":"wp","href":"https:\/\/api.w.org\/{rel}","templated":true}]}}