{"id":209045,"date":"2022-03-26T12:24:29","date_gmt":"2022-03-26T18:24:29","guid":{"rendered":"https:\/\/plazajuarez.mx\/?p=209045"},"modified":"2022-03-26T12:24:40","modified_gmt":"2022-03-26T18:24:40","slug":"guardia_nacional-2","status":"publish","type":"post","link":"https:\/\/plazajuarez.mx\/historico\/guardia_nacional-2\/","title":{"rendered":"Tres a\u00f1os de la Guardia Nacional en M\u00e9xico: un punto de inflexi\u00f3n"},"content":{"rendered":"\n<p>&nbsp;La Guardia Nacional mexicana cumple tres a\u00f1os desde su formaci\u00f3n jur\u00eddica rodeada de pol\u00e9mica por estar funcionando, seg\u00fan expertos consultados por Efe, como una herramienta para la militarizaci\u00f3n, situaci\u00f3n que podr\u00eda afianzarse todav\u00eda m\u00e1s en 2022 en un pa\u00eds donde las masacres y la violencia no cesan.<\/p>\n\n\n\n<p>\u201cLa Guardia Nacional (GN) fue creada con el consenso de todas las fuerzas pol\u00edticas. Para llegar a ese consenso el Gobierno federal tuvo que rectificar su propuesta inicial de hacer una corporaci\u00f3n netamente castrense\u201d, dijo a Efe el director del Centro de Derechos Humanos Miguel Agust\u00edn Pro Ju\u00e1rez (Centro Prodh), Santiago Aguirre.<\/p>\n\n\n\n<p>Para el doctor Javier Oliva Posada, profesor de la Facultad de Ciencias Pol\u00edticas y Sociales de la Universidad Nacional Aut\u00f3noma de M\u00e9xico (UNAM), este cuerpo polic\u00edal \u201cnace con un respaldo pol\u00edtico y jur\u00eddico muy importante a diferencia de otras instituciones de seguridad p\u00fablica. que suelen nacer siempre con mucha pol\u00e9mica\u201d.<\/p>\n\n\n\n<p>CERCAN\u00cdA CON LO MILITAR<\/p>\n\n\n\n<p>Aguirre asegur\u00f3 que incluso su organizaci\u00f3n vio la creaci\u00f3n con esperanza, pero pronto los contenidos iniciales del plan \u201cse fueron diluyendo\u201d y la Guardia Nacional tom\u00f3 muy pronto un camino mucho m\u00e1s cercano a lo militar que a lo civil. Tanto que est\u00e1 encabezada por un militar, el general Luis Rodr\u00edguez Bucio, en lugar de un civil, como se prometi\u00f3 inicialmente.<\/p>\n\n\n\n<p>Las reformas constitucionales necesarias para crear la Guardia Nacional fueron apoyadas por unanimidad, pero la imagen que se dio de esta corporaci\u00f3n era otra.<\/p>\n\n\n\n<p>Y los cambios han ido caminando hacia la militarizaci\u00f3n llegando al culmen en mayo pasado, cuando a trav\u00e9s de un decreto el presidente Andr\u00e9s Manuel L\u00f3pez Obrador orden\u00f3 el uso de las Fuerzas Armadas en tareas de seguridad p\u00fablica hasta 2024.<\/p>\n\n\n\n<p>Adem\u00e1s, la Guardia Nacional pasar\u00eda a formar parte en su totalidad de la Secretar\u00eda de la Defensa Nacional (Sedena), algo que organizaciones civiles han criticado porque, dicen, significar\u00eda la militarizaci\u00f3n de la seguridad p\u00fablica.<\/p>\n\n\n\n<p>LA OPORTUNIDAD DEL CONTRAPESO<\/p>\n\n\n\n<p>Sobre esto, la Suprema Corte de Justicia de la Naci\u00f3n (SCJN) tiene pendiente la discusi\u00f3n de un recurso de inconstitucionalidad, decisi\u00f3n en la que, consider\u00f3 Aguirre, el Supremo mexicano puede jugar \u201cun papel relevante de contrapeso\u201d.<\/p>\n\n\n\n<p>Oliva explic\u00f3 que, aunque otras corporaciones como la Guardia Civil espa\u00f1ola o los Carabiniere italianos tienen origen militar y funciones policiales &#8220;una tradici\u00f3n en las democracias contempor\u00e1neas&#8221;, esta decisi\u00f3n presidencial puede cambiar tajantemente el rumbo de la Guardia Nacional.<\/p>\n\n\n\n<p>\u201cEl primer recurso de un soldado es accionar su arma para liquidar y el \u00faltimo recurso del polic\u00eda es el arma\u201d, expres\u00f3.<\/p>\n\n\n\n<p>El pasado 17 de febrero el Gobierno de M\u00e9xico anunci\u00f3 que el n\u00famero de homicidios dolosos en M\u00e9xico registr\u00f3 una reducci\u00f3n anual del 14,2 %, al pasar de 2.635 en febrero de 2021 a 2.260 el mes pasado, 375 casos menos.<\/p>\n\n\n\n<p>La secretaria de Seguridad y Protecci\u00f3n Ciudadana (SSPC), Rosa Icela Rodr\u00edguez, afirm\u00f3 que en los \u00faltimos 9 meses hubo una tendencia sostenida a la baja de los homicidios intencionados o dolosos.<\/p>\n\n\n\n<p>CONTENCI\u00d3N EN EL PICO DE VIOLENCIA<\/p>\n\n\n\n<p>Sin embargo, medios de comunicaci\u00f3n de M\u00e9xico y de todo el mundo recogieron en sus portadas en los \u00faltimos meses masacres y tiroteos que dejan en evidencia la situaci\u00f3n de descontrol de la violencia en la que se encuentran m\u00faltiples zonas del pa\u00eds.<\/p>\n\n\n\n<p>\u201cLos datos oficiales se\u00f1alan que hay contenci\u00f3n en algunos de los delitos, sobre todo en homicidio doloso con arma de fuego. Y s\u00ed est\u00e1 contenido, pero en su pico m\u00e1s alto\u201d, se\u00f1al\u00f3 Oliva.<\/p>\n\n\n\n<p>Con \u00e9l coincidi\u00f3 Aguirre, quien consider\u00f3 adem\u00e1s que empieza a darse en M\u00e9xico una discusi\u00f3n sobre la \u201csolvencia t\u00e9cnica\u201d respecto a las cifras que presenta el Gobierno y los segmentos que cortan para hacer comparaciones.<\/p>\n\n\n\n<p>\u201cEstamos teniendo a\u00f1os con m\u00e1s de 35.000 homicidios, no hay reducci\u00f3n que celebrar\u201d, sentenci\u00f3.<\/p>\n\n\n\n<p>Ante esta situaci\u00f3n, ambos expertos coincidieron en que 2022 ser\u00e1 un a\u00f1o decisivo en el que podr\u00eda afianzarse la militarizaci\u00f3n de la seguridad p\u00fablica en el pa\u00eds si se contin\u00faa en el camino establecido por el presidente y se confirma la transferencia de la GN a la Sedena.<\/p>\n\n\n\n<p>\u201cEstamos m\u00e1s bien esc\u00e9pticos y preocupados y consideramos que si se confirma esta reforma esto marcar\u00eda un punto de no retorno que ser\u00eda dif\u00edcil de cambiar en el futuro\u201d, consider\u00f3 el director del Centro Prodh.<\/p>\n","protected":false},"excerpt":{"rendered":"<p>&nbsp;La Guardia Nacional mexicana cumple tres a\u00f1os desde su formaci\u00f3n jur\u00eddica rodeada de pol\u00e9mica por estar funcionando, seg\u00fan expertos consultados por Efe, como una herramienta para la militarizaci\u00f3n, situaci\u00f3n que podr\u00eda afianzarse todav\u00eda m\u00e1s en 2022 en un pa\u00eds donde las masacres y la violencia no cesan. \u201cLa Guardia Nacional (GN) fue creada con el [&hellip;]<\/p>\n","protected":false},"author":80,"featured_media":209046,"comment_status":"closed","ping_status":"closed","sticky":false,"template":"","format":"standard","meta":{"footnotes":""},"categories":[36],"tags":[2335],"class_list":["post-209045","post","type-post","status-publish","format-standard","has-post-thumbnail","hentry","category-nacion","tag-guardia"],"_links":{"self":[{"href":"https:\/\/plazajuarez.mx\/historico\/wp-json\/wp\/v2\/posts\/209045","targetHints":{"allow":["GET"]}}],"collection":[{"href":"https:\/\/plazajuarez.mx\/historico\/wp-json\/wp\/v2\/posts"}],"about":[{"href":"https:\/\/plazajuarez.mx\/historico\/wp-json\/wp\/v2\/types\/post"}],"author":[{"embeddable":true,"href":"https:\/\/plazajuarez.mx\/historico\/wp-json\/wp\/v2\/users\/80"}],"replies":[{"embeddable":true,"href":"https:\/\/plazajuarez.mx\/historico\/wp-json\/wp\/v2\/comments?post=209045"}],"version-history":[{"count":0,"href":"https:\/\/plazajuarez.mx\/historico\/wp-json\/wp\/v2\/posts\/209045\/revisions"}],"wp:featuredmedia":[{"embeddable":true,"href":"https:\/\/plazajuarez.mx\/historico\/wp-json\/wp\/v2\/media\/209046"}],"wp:attachment":[{"href":"https:\/\/plazajuarez.mx\/historico\/wp-json\/wp\/v2\/media?parent=209045"}],"wp:term":[{"taxonomy":"category","embeddable":true,"href":"https:\/\/plazajuarez.mx\/historico\/wp-json\/wp\/v2\/categories?post=209045"},{"taxonomy":"post_tag","embeddable":true,"href":"https:\/\/plazajuarez.mx\/historico\/wp-json\/wp\/v2\/tags?post=209045"}],"curies":[{"name":"wp","href":"https:\/\/api.w.org\/{rel}","templated":true}]}}