{"id":209039,"date":"2022-03-26T12:09:55","date_gmt":"2022-03-26T18:09:55","guid":{"rendered":"https:\/\/plazajuarez.mx\/?p=209039"},"modified":"2022-03-26T12:10:06","modified_gmt":"2022-03-26T18:10:06","slug":"feminicidios_2022","status":"publish","type":"post","link":"https:\/\/plazajuarez.mx\/historico\/feminicidios_2022\/","title":{"rendered":"Feminicidios en CDMX disminuyeron 33% de enero a marzo: Godoy"},"content":{"rendered":"\n<p> La fiscal capitalina, Ernestina Godoy Ramos, resalt\u00f3 que los feminicidios\u00a0han disminuido en un 33% de enero a marzo de este a\u00f1o con respecto al mismo periodo, pero de 2019.<\/p>\n\n\n\n<p>Al presentar un informe mensual sobre los avances de la Alerta por la violencia de G\u00e9nero, la fiscal mencion\u00f3 que hasta este jueves se mostraba esta disminuci\u00f3n en n\u00famero de casos de feminicidios, pues durante estos tres meses se registran en la capital 14 casos, mientras que en mismo periodo, pero de 2019.<\/p>\n\n\n\n<p>De enero a febrero de 2022, enfatiz\u00f3, han vinculado a proceso a 12 feminicidas.\u00a0<\/p>\n\n\n\n<p>En este mismo sentido, dijo, se logr\u00f3 un aumento del 36% en el n\u00famero de imputados, ya que en este a\u00f1o van 19 imputados frente a 14 de 2021.<\/p>\n\n\n\n<p>\u201cPuedo decirles que la Ciudad de M\u00e9xico se ubica en el primer lugar del pa\u00eds en la investigaci\u00f3n, localizaci\u00f3n y presentaci\u00f3n ante las autoridades judiciales de las personas que cometen el delito de violencia en contra de las mujeres\u201d, dijo.<\/p>\n\n\n\n<p>Mencion\u00f3 que la FGJ pas\u00f3 de imputar un promedio de 142 agresores al mes de 2019, a 190 de este a\u00f1o en 2022, esto significa un aumento del 34%, en delitos de g\u00e9nero.\u00a0<\/p>\n\n\n\n<p>En cuanto a \u00f3rdenes de aprehensi\u00f3n, resalt\u00f3 la detenci\u00f3n de Edgar &#8220;N&#8221; por intentar matar a una mujer que forma parte de su familia.<\/p>\n\n\n\n<p>El segundo caso son los dos sujetos vinculados por el delito de Ana\u00ed Michel, luego de hallar el cuerpo de la v\u00edctima en la carretera Picacho \u00a0Ajusco.\u00a0<\/p>\n\n\n\n<p>Tambi\u00e9n el de Luis &#8220;N&#8221; quien mat\u00f3 a su madre en 2019, cuya detenci\u00f3n se logr\u00f3 en Baja California. Mientras que el cuarto caso es la detenci\u00f3n de Omar &#8220;N&#8221;, feminicida de Brenda.<\/p>\n","protected":false},"excerpt":{"rendered":"<p>La fiscal capitalina, Ernestina Godoy Ramos, resalt\u00f3 que los feminicidios\u00a0han disminuido en un 33% de enero a marzo de este a\u00f1o con respecto al mismo periodo, pero de 2019. Al presentar un informe mensual sobre los avances de la Alerta por la violencia de G\u00e9nero, la fiscal mencion\u00f3 que hasta este jueves se mostraba esta [&hellip;]<\/p>\n","protected":false},"author":81,"featured_media":209040,"comment_status":"closed","ping_status":"closed","sticky":false,"template":"","format":"standard","meta":{"footnotes":""},"categories":[2160],"tags":[],"class_list":["post-209039","post","type-post","status-publish","format-standard","has-post-thumbnail","hentry","category-noticias-de-la-ciudad-de-mexico"],"_links":{"self":[{"href":"https:\/\/plazajuarez.mx\/historico\/wp-json\/wp\/v2\/posts\/209039","targetHints":{"allow":["GET"]}}],"collection":[{"href":"https:\/\/plazajuarez.mx\/historico\/wp-json\/wp\/v2\/posts"}],"about":[{"href":"https:\/\/plazajuarez.mx\/historico\/wp-json\/wp\/v2\/types\/post"}],"author":[{"embeddable":true,"href":"https:\/\/plazajuarez.mx\/historico\/wp-json\/wp\/v2\/users\/81"}],"replies":[{"embeddable":true,"href":"https:\/\/plazajuarez.mx\/historico\/wp-json\/wp\/v2\/comments?post=209039"}],"version-history":[{"count":0,"href":"https:\/\/plazajuarez.mx\/historico\/wp-json\/wp\/v2\/posts\/209039\/revisions"}],"wp:featuredmedia":[{"embeddable":true,"href":"https:\/\/plazajuarez.mx\/historico\/wp-json\/wp\/v2\/media\/209040"}],"wp:attachment":[{"href":"https:\/\/plazajuarez.mx\/historico\/wp-json\/wp\/v2\/media?parent=209039"}],"wp:term":[{"taxonomy":"category","embeddable":true,"href":"https:\/\/plazajuarez.mx\/historico\/wp-json\/wp\/v2\/categories?post=209039"},{"taxonomy":"post_tag","embeddable":true,"href":"https:\/\/plazajuarez.mx\/historico\/wp-json\/wp\/v2\/tags?post=209039"}],"curies":[{"name":"wp","href":"https:\/\/api.w.org\/{rel}","templated":true}]}}