{"id":209036,"date":"2022-03-26T11:59:36","date_gmt":"2022-03-26T17:59:36","guid":{"rendered":"https:\/\/plazajuarez.mx\/?p=209036"},"modified":"2022-03-26T11:59:49","modified_gmt":"2022-03-26T17:59:49","slug":"bonilla_senado","status":"publish","type":"post","link":"https:\/\/plazajuarez.mx\/historico\/bonilla_senado\/","title":{"rendered":"Se reincorpora Jaime Bonilla al Senado de la Rep\u00fablica"},"content":{"rendered":"\n<p> El exgobernador de Baja California, Jaime Bonilla Valdez, inform\u00f3 sobre su reincorporaci\u00f3n como senador de la Rep\u00fablica, con lo que qued\u00f3 descartado que ocupe alguna secretar\u00eda de Estado o embajada a invitaci\u00f3n del presidente Andr\u00e9s Manuel L\u00f3pez Obrador.<\/p>\n\n\n\n<p>A trav\u00e9s de un oficio dirigido a la presidenta de la Mesa Directiva del Senado, Olga S\u00e1nchez Cordero y fechado el 25 de marzo, el senador morenista, indic\u00f3 su determinaci\u00f3n de reincorporarse a su esca\u00f1o.<\/p>\n\n\n\n<p>&#8220;Me dirijo a usted para hacerle conocer mi determinaci\u00f3n de reincorporarme a partir de esta fecha a las actividades legislativas&#8221;, apunt\u00f3 Bonilla.<\/p>\n\n\n\n<p>Cuando termin\u00f3 su periodo como gobernador, el 1 de noviembre del 2021, se perfil\u00f3 que Jaime Bonilla, ser\u00eda invitado por el presidente L\u00f3pez Obrador, para formar parte de su gabinete como secretario de Estado, subsecretario o como embajador.<\/p>\n\n\n\n<p>Incluso, la alcaldesa de Tijuana, Montserrat Caballero, anunci\u00f3 el 15 de diciembre pasado, que el exgobernador Jaime Bonilla Valdez se integrar\u00eda al gobierno federal como subsecretario de Gobernaci\u00f3n, dependencia encabezada por Ad\u00e1n Augusto L\u00f3pez.<\/p>\n","protected":false},"excerpt":{"rendered":"<p>El exgobernador de Baja California, Jaime Bonilla Valdez, inform\u00f3 sobre su reincorporaci\u00f3n como senador de la Rep\u00fablica, con lo que qued\u00f3 descartado que ocupe alguna secretar\u00eda de Estado o embajada a invitaci\u00f3n del presidente Andr\u00e9s Manuel L\u00f3pez Obrador. A trav\u00e9s de un oficio dirigido a la presidenta de la Mesa Directiva del Senado, Olga S\u00e1nchez [&hellip;]<\/p>\n","protected":false},"author":81,"featured_media":209037,"comment_status":"closed","ping_status":"closed","sticky":false,"template":"","format":"standard","meta":{"footnotes":""},"categories":[36],"tags":[2132],"class_list":["post-209036","post","type-post","status-publish","format-standard","has-post-thumbnail","hentry","category-nacion","tag-senado"],"_links":{"self":[{"href":"https:\/\/plazajuarez.mx\/historico\/wp-json\/wp\/v2\/posts\/209036","targetHints":{"allow":["GET"]}}],"collection":[{"href":"https:\/\/plazajuarez.mx\/historico\/wp-json\/wp\/v2\/posts"}],"about":[{"href":"https:\/\/plazajuarez.mx\/historico\/wp-json\/wp\/v2\/types\/post"}],"author":[{"embeddable":true,"href":"https:\/\/plazajuarez.mx\/historico\/wp-json\/wp\/v2\/users\/81"}],"replies":[{"embeddable":true,"href":"https:\/\/plazajuarez.mx\/historico\/wp-json\/wp\/v2\/comments?post=209036"}],"version-history":[{"count":0,"href":"https:\/\/plazajuarez.mx\/historico\/wp-json\/wp\/v2\/posts\/209036\/revisions"}],"wp:featuredmedia":[{"embeddable":true,"href":"https:\/\/plazajuarez.mx\/historico\/wp-json\/wp\/v2\/media\/209037"}],"wp:attachment":[{"href":"https:\/\/plazajuarez.mx\/historico\/wp-json\/wp\/v2\/media?parent=209036"}],"wp:term":[{"taxonomy":"category","embeddable":true,"href":"https:\/\/plazajuarez.mx\/historico\/wp-json\/wp\/v2\/categories?post=209036"},{"taxonomy":"post_tag","embeddable":true,"href":"https:\/\/plazajuarez.mx\/historico\/wp-json\/wp\/v2\/tags?post=209036"}],"curies":[{"name":"wp","href":"https:\/\/api.w.org\/{rel}","templated":true}]}}