{"id":208991,"date":"2022-03-26T01:30:00","date_gmt":"2022-03-26T07:30:00","guid":{"rendered":"https:\/\/plazajuarez.mx\/?p=208991"},"modified":"2022-03-26T01:14:34","modified_gmt":"2022-03-26T07:14:34","slug":"5-incendios-forestales-en-solo-una-semana","status":"publish","type":"post","link":"https:\/\/plazajuarez.mx\/historico\/5-incendios-forestales-en-solo-una-semana\/","title":{"rendered":"5 incendios forestales\u00a0en s\u00f3lo una semana"},"content":{"rendered":"\n<p>Con base en el reporte de la Comisi\u00f3n Nacional Forestal (CONAFOR), del 11 al 17 de marzo, cinco incendios forestales se registraron en la entidad, lo que representa un total de 63 hect\u00e1reas de superficie afectada; 10 de tipo herb\u00e1ceo, tres de arbolado adulto, 1.50 de renuevo, 48.50 arbustivo.<\/p>\n\n\n\n<p>De acuerdo con el resumen de datos semanales, Hidalgo ocupa la posici\u00f3n n\u00famero 10, de los estados con mayor superficie afectada, encabeza la lista Sonora, y le siguen M\u00e9xico, Durango, Yucat\u00e1n, Ciudad de M\u00e9xico, Puebla, Chihuahua, Michoac\u00e1n y Guanajuato.<\/p>\n\n\n\n<p>Mientras que en el acumulado del primero de enero al 17 de marzo, la entidad reporta 39 incendios forestales, lo que significa un total de 293 hect\u00e1reas afectadas.<\/p>\n\n\n\n<p>La principal causa de incendios son las actividades il\u00edcitas, seguido de las actividades agr\u00edcolas y causas desconocidas.<\/p>\n","protected":false},"excerpt":{"rendered":"<p>Con base en el reporte de la Comisi\u00f3n Nacional Forestal (CONAFOR), del 11 al 17 de marzo, cinco incendios forestales se registraron en la entidad, lo que representa un total de 63 hect\u00e1reas de superficie afectada; 10 de tipo herb\u00e1ceo, tres de arbolado adulto, 1.50 de renuevo, 48.50 arbustivo. De acuerdo con el resumen de [&hellip;]<\/p>\n","protected":false},"author":73,"featured_media":209005,"comment_status":"closed","ping_status":"closed","sticky":false,"template":"","format":"standard","meta":{"footnotes":""},"categories":[15,59],"tags":[],"class_list":["post-208991","post","type-post","status-publish","format-standard","has-post-thumbnail","hentry","category-destacadas","category-general"],"_links":{"self":[{"href":"https:\/\/plazajuarez.mx\/historico\/wp-json\/wp\/v2\/posts\/208991","targetHints":{"allow":["GET"]}}],"collection":[{"href":"https:\/\/plazajuarez.mx\/historico\/wp-json\/wp\/v2\/posts"}],"about":[{"href":"https:\/\/plazajuarez.mx\/historico\/wp-json\/wp\/v2\/types\/post"}],"author":[{"embeddable":true,"href":"https:\/\/plazajuarez.mx\/historico\/wp-json\/wp\/v2\/users\/73"}],"replies":[{"embeddable":true,"href":"https:\/\/plazajuarez.mx\/historico\/wp-json\/wp\/v2\/comments?post=208991"}],"version-history":[{"count":0,"href":"https:\/\/plazajuarez.mx\/historico\/wp-json\/wp\/v2\/posts\/208991\/revisions"}],"wp:featuredmedia":[{"embeddable":true,"href":"https:\/\/plazajuarez.mx\/historico\/wp-json\/wp\/v2\/media\/209005"}],"wp:attachment":[{"href":"https:\/\/plazajuarez.mx\/historico\/wp-json\/wp\/v2\/media?parent=208991"}],"wp:term":[{"taxonomy":"category","embeddable":true,"href":"https:\/\/plazajuarez.mx\/historico\/wp-json\/wp\/v2\/categories?post=208991"},{"taxonomy":"post_tag","embeddable":true,"href":"https:\/\/plazajuarez.mx\/historico\/wp-json\/wp\/v2\/tags?post=208991"}],"curies":[{"name":"wp","href":"https:\/\/api.w.org\/{rel}","templated":true}]}}