{"id":20884,"date":"2016-05-09T11:30:22","date_gmt":"2016-05-09T11:30:22","guid":{"rendered":"http:\/\/plazajuarez.mx\/index\/index.php\/2016\/05\/09\/olvidemos-el-pasado-ya-no-te-acuerdes-de-aquel-ayer\/"},"modified":"2020-04-14T22:33:53","modified_gmt":"2020-04-14T22:33:53","slug":"olvidemos-el-pasado-ya-no-te-acuerdes-de-aquel-ayer","status":"publish","type":"post","link":"https:\/\/plazajuarez.mx\/historico\/olvidemos-el-pasado-ya-no-te-acuerdes-de-aquel-ayer\/","title":{"rendered":"\u201cOlvidemos el pasado, ya no te acuerdes de aquel ayer\u201d"},"content":{"rendered":"<p>PULSO DEL MEZQUITAL<\/p>\n<p>  <!--more-->  <\/p>\n<p>\u00a0<\/p>\n<p>Por lo menos eso pide el PRI en Ixmiquilpan a trav\u00e9s de una lona colocada en una transitada calle, en la que llama a la ciudadan\u00eda a votar por sus candidatos, incluyendo al de Gobernador. \u00a1Qu\u00e9 bonito! Olvidar el pasado, ver pa\u2019 lante, la frase m\u00e1s alentadora del proceso que he escuchado, en serio, para qu\u00e9 cultivar rencores, qu\u00e9 ganamos haciendo bilis, es mejor llevar la fiesta en paz, lo que no fue en su a\u00f1o no es su da\u00f1o, aquellos que digan \u201ces cinismo\u201d, obvio no, es sinceridad, honestidad, as\u00ed como: \u201ces verdad, yo te romp\u00ed la madre pero qued\u00f3 en el ayer\u201d, ya lo dijera El Rey Le\u00f3n \u201cel pasado puede doler, pero seg\u00fan lo veo puedes huir de \u00e9l o aprender\u201d, l\u00f3gicamente dec\u00eddase por huir porque si elige aprender entonces no votar\u00eda usted por este partido, \u00a1cof cof! perd\u00f3n, no haga caso a esto \u00faltimo.<\/p>\n<p>Pero mientras algunos priistas se esfuerzan por cultivar los m\u00e1s altos valores de la honestidad y la sinceridad, hay otros que salieron unos hijos desobedientes, rompiendo con las tradiciones de unos 80 a\u00f1os de generaciones. Es el caso del l\u00edder de la organizaci\u00f3n priista CNOP en Ixmiquilpan, Jorge Lagunes, quien adem\u00e1s representa a los comerciantes del tianguis de los d\u00edas lunes.<\/p>\n<p>En un pasado muy reciente, Lagunes se defin\u00eda como un priista de hueso colorado, incluso el 14 de febrero recorri\u00f3 el tianguis para repartir abrazos, besos y apapachos entre sus agremiados, nom\u00e1s para demostrar de qu\u00e9 lado masca la iguana, sin tras un an\u00e1lisis sangu\u00edneo descubri\u00f3 que hab\u00eda vivido en el enga\u00f1o,\u00a0 en realidad no ten\u00eda gl\u00f3bulos tricolores sino que era de sangre azul, as\u00ed que decidi\u00f3 irse al PAN\u00a0 para apoyar a sus candidatos a la alcald\u00eda y la diputaci\u00f3n local, no crea que se dej\u00f3 llevar por el canto de las sirenas, es de sabios cambiar de opini\u00f3n.<\/p>\n<p>Mientras en su imaginario personal considera que su salida representa un boquete de lamentables consecuencias al PRI en estas elecciones, los priistas piensan lo contrario, mire, si en el tianguis los comerciantes siempre cobran de m\u00e1s pero despachan kilos de menos, lo mismo va pasar en la jornada electoral, es decir, Lagunes vende caro pero da poquito, porque incluso su barrio (San Nicol\u00e1s) ni ese lo respalda.<\/p>\n<p>No juzgue mal a este l\u00edder estimado lector, no es un caso aislado, ah\u00ed est\u00e1 Juan Ortiz candidato del PRD a diputado local, otro al que tampoco su barrio lo respalda, bueno tampoco la militancia, su familia, sus amigos, incluso su l\u00edder, el Senador, Isidro Pedraza Ch\u00e1vez, quien siendo perredista anda apoyando a los candidatos del PAN, por algo ha de ser. \u00c9l tambi\u00e9n tiene de ideario al Rey Le\u00f3n, \u201csiempre que el mundo te d\u00e9 la espalda, lo que has de hacer es darle la espalda al mundo\u201d por eso ya anda en el PRI vendiendo la causa, dando caro y despachando poco.<\/p>\n<p>O que me dice de Nicol\u00e1s Mart\u00edn, candidato a presidente municipal de Ixmiquilpan por el PRD, a quien si le va bien apenas alcanzar\u00e1 el porcentaje para mantener el registro de su partido, a \u00e9l tampoco lo respalda ni su familia de tradici\u00f3n priista, incluyendo a su pap\u00e1, Alfonso Mart\u00edn, quien anda seg\u00fan ayudando al del PRI, aunque no olvidemos que la sangre llama. El pap\u00e1 del candidato al igual que otros viejos priistas, son como los jarrones chinos, adornan, se ven bonitos, pero estorban mucho.<\/p>\n<p>\u00a0<\/p>\n<p><strong>En corto: <\/strong><\/p>\n<ul>\n<li>Hoy, el candidato a alcalde independiente por Actopan, Te\u00f3dulo Quint\u00edn, ofrecer\u00e1 una conferencia de prensa y a la par lo har\u00e1 el candidato del PRD, Manuel \u00c1lvarez, ambos dar\u00e1n a conocer los avances de sus campa\u00f1as.<\/li>\n<li>Este mi\u00e9rcoles, el l\u00edder de Morena en M\u00e9xico, Andr\u00e9s Manuel L\u00f3pez Obrador, realizar\u00e1 una gira de trabajo por diversos municipios de la Sierra Gorda y del Mezquital.<\/li>\n<\/ul>\n<p>\u00a0<\/p>\n<p>\u00a0<\/p>\n<p>S\u00edgame en twitter<\/p>\n<p>\u00a0<\/p>\n<p>@angel_malvado<\/p>\n<p>\u00a0<\/p>\n<p>Mi correo<\/p>\n<p>\u00a0<\/p>\n<p>Markorey2013@gmail.com<\/p>\n<p>\u00a0<\/p>\n","protected":false},"excerpt":{"rendered":"<p>PULSO DEL MEZQUITAL<\/p>\n","protected":false},"author":75,"featured_media":0,"comment_status":"open","ping_status":"open","sticky":false,"template":"","format":"standard","meta":{"footnotes":""},"categories":[87,42],"tags":[],"class_list":["post-20884","post","type-post","status-publish","format-standard","hentry","category-marco-cabanas","category-nuestrapalabra"],"_links":{"self":[{"href":"https:\/\/plazajuarez.mx\/historico\/wp-json\/wp\/v2\/posts\/20884","targetHints":{"allow":["GET"]}}],"collection":[{"href":"https:\/\/plazajuarez.mx\/historico\/wp-json\/wp\/v2\/posts"}],"about":[{"href":"https:\/\/plazajuarez.mx\/historico\/wp-json\/wp\/v2\/types\/post"}],"author":[{"embeddable":true,"href":"https:\/\/plazajuarez.mx\/historico\/wp-json\/wp\/v2\/users\/75"}],"replies":[{"embeddable":true,"href":"https:\/\/plazajuarez.mx\/historico\/wp-json\/wp\/v2\/comments?post=20884"}],"version-history":[{"count":0,"href":"https:\/\/plazajuarez.mx\/historico\/wp-json\/wp\/v2\/posts\/20884\/revisions"}],"wp:attachment":[{"href":"https:\/\/plazajuarez.mx\/historico\/wp-json\/wp\/v2\/media?parent=20884"}],"wp:term":[{"taxonomy":"category","embeddable":true,"href":"https:\/\/plazajuarez.mx\/historico\/wp-json\/wp\/v2\/categories?post=20884"},{"taxonomy":"post_tag","embeddable":true,"href":"https:\/\/plazajuarez.mx\/historico\/wp-json\/wp\/v2\/tags?post=20884"}],"curies":[{"name":"wp","href":"https:\/\/api.w.org\/{rel}","templated":true}]}}