{"id":208812,"date":"2022-03-24T08:20:12","date_gmt":"2022-03-24T14:20:12","guid":{"rendered":"https:\/\/plazajuarez.mx\/?p=208812"},"modified":"2022-03-24T08:21:19","modified_gmt":"2022-03-24T14:21:19","slug":"vincula-pgjeh-a-un-hombre-por-violencia-familiar-ocurrida-en-tlahuelilpan","status":"publish","type":"post","link":"https:\/\/plazajuarez.mx\/historico\/vincula-pgjeh-a-un-hombre-por-violencia-familiar-ocurrida-en-tlahuelilpan\/","title":{"rendered":"Vincula PGJEH a un hombre por violencia familiar ocurrida en Tlahuelilpan"},"content":{"rendered":"\n<p>La Subprocuradur\u00eda Poniente obtuvo vinculaci\u00f3n a proceso de una persona por hechos que la ley establece como violencia familiar.<\/p>\n\n\n\n<p>Lo ocurrido el 4 de junio del 2021 en la colonia Centro, de Tlahuelilpan, dio origen a una carpeta de investigaci\u00f3n, luego que una persona fuera agredida f\u00edsicamente por su pareja sentimental.<\/p>\n\n\n\n<p>Personal ministerial se encarg\u00f3 de reunir datos de prueba contra el probable y los present\u00f3 al juez de control.<\/p>\n\n\n\n<p>Llegada la hora de la audiencia inicial, la representaci\u00f3n social formul\u00f3 la imputaci\u00f3n contra el acusado y solicit\u00f3 al juez, la vinculaci\u00f3n a proceso.<\/p>\n\n\n\n<p>Mediante las intervenciones del Ministerio P\u00fablico, la autoridad judicial, determin\u00f3 suficientes las aportaciones y otorg\u00f3 dicha vinculaci\u00f3n para Juan Luis \u201cN\u201d.<\/p>\n","protected":false},"excerpt":{"rendered":"<p>La Subprocuradur\u00eda Poniente obtuvo vinculaci\u00f3n a proceso de una persona por hechos que la ley establece como violencia familiar. Lo ocurrido el 4 de junio del 2021 en la colonia Centro, de Tlahuelilpan, dio origen a una carpeta de investigaci\u00f3n, luego que una persona fuera agredida f\u00edsicamente por su pareja sentimental. Personal ministerial se encarg\u00f3 [&hellip;]<\/p>\n","protected":false},"author":93,"featured_media":208814,"comment_status":"closed","ping_status":"closed","sticky":false,"template":"","format":"standard","meta":{"footnotes":""},"categories":[37,2159],"tags":[],"class_list":["post-208812","post","type-post","status-publish","format-standard","has-post-thumbnail","hentry","category-barandilla","category-noticias-de-hidalgo"],"_links":{"self":[{"href":"https:\/\/plazajuarez.mx\/historico\/wp-json\/wp\/v2\/posts\/208812","targetHints":{"allow":["GET"]}}],"collection":[{"href":"https:\/\/plazajuarez.mx\/historico\/wp-json\/wp\/v2\/posts"}],"about":[{"href":"https:\/\/plazajuarez.mx\/historico\/wp-json\/wp\/v2\/types\/post"}],"author":[{"embeddable":true,"href":"https:\/\/plazajuarez.mx\/historico\/wp-json\/wp\/v2\/users\/93"}],"replies":[{"embeddable":true,"href":"https:\/\/plazajuarez.mx\/historico\/wp-json\/wp\/v2\/comments?post=208812"}],"version-history":[{"count":0,"href":"https:\/\/plazajuarez.mx\/historico\/wp-json\/wp\/v2\/posts\/208812\/revisions"}],"wp:featuredmedia":[{"embeddable":true,"href":"https:\/\/plazajuarez.mx\/historico\/wp-json\/wp\/v2\/media\/208814"}],"wp:attachment":[{"href":"https:\/\/plazajuarez.mx\/historico\/wp-json\/wp\/v2\/media?parent=208812"}],"wp:term":[{"taxonomy":"category","embeddable":true,"href":"https:\/\/plazajuarez.mx\/historico\/wp-json\/wp\/v2\/categories?post=208812"},{"taxonomy":"post_tag","embeddable":true,"href":"https:\/\/plazajuarez.mx\/historico\/wp-json\/wp\/v2\/tags?post=208812"}],"curies":[{"name":"wp","href":"https:\/\/api.w.org\/{rel}","templated":true}]}}