{"id":208473,"date":"2022-03-21T12:34:30","date_gmt":"2022-03-21T18:34:30","guid":{"rendered":"https:\/\/plazajuarez.mx\/?p=208473"},"modified":"2022-03-21T13:01:58","modified_gmt":"2022-03-21T19:01:58","slug":"nuevo-aeropuerto","status":"publish","type":"post","link":"https:\/\/plazajuarez.mx\/historico\/nuevo-aeropuerto\/","title":{"rendered":"L\u00f3pez Obrador da por &#8220;misi\u00f3n cumplida&#8221; inauguraci\u00f3n de nuevo aeropuerto"},"content":{"rendered":"\n<p>El presidente de M\u00e9xico, Andr\u00e9s Manuel L\u00f3pez Obrador, se mostr\u00f3 este lunes triunfante y calific\u00f3 como &#8220;misi\u00f3n cumplida&#8221; la inauguraci\u00f3n del nuevo Aeropuerto Internacional Felipe \u00c1ngeles (AIFA), uno de sus tres grandes proyectos emblem\u00e1ticos.<\/p>\n\n\n\n<p>L\u00f3pez Obrador se mostr\u00f3 orgulloso al cumplir con la meta de inauguraci\u00f3n del nuevo aeropuerto este lunes cuando mucha gente pensaba que no pod\u00eda lograrse.<\/p>\n\n\n\n<p>&#8220;No hemos contratado cr\u00e9ditos, todo se ha financiado con presupuesto p\u00fablico y no hemos entregado concesiones. Esto es de la naci\u00f3n&#8221;, dijo.<\/p>\n\n\n\n<iframe loading=\"lazy\" src=\"https:\/\/www.facebook.com\/plugins\/video.php?height=314&amp;href=https%3A%2F%2Fwww.facebook.com%2Flopezobrador.org.mx%2Fvideos%2F3218279931749860%2F&amp;show_text=false&amp;width=560&amp;t=0\" width=\"560\" height=\"314\" style=\"border:none;overflow:hidden\" scrolling=\"no\" frameborder=\"0\" allowfullscreen=\"true\" allow=\"autoplay; clipboard-write; encrypted-media; picture-in-picture; web-share\"><\/iframe>\n\n\n\n<p>Agreg\u00f3 que lo mismo ocurrir\u00e1 con sus otros dos grandes proyectos estrat\u00e9gicos: la construcci\u00f3n de la refiner\u00eda de Dos Bocas y el Tren Maya.<\/p>\n\n\n\n<p>&#8220;Son de la naci\u00f3n, del pueblo de M\u00e9xico, no de particulares&#8221;, sentenci\u00f3 el presidente, quien encarg\u00f3 al Ej\u00e9rcito construir y posteriormente administrar &#8220;un aeropuerto de los mejores del mundo&#8221;.<\/p>\n\n\n\n<p>Acompa\u00f1ado de los gobernadores de Hidalgo y el Estado de M\u00e9xico -Omar Fayad y Alfredo del Mazo, respectivamente- y la jefa de Gobierno de la Ciudad de M\u00e9xico -Claudia Sheinbaum-, adem\u00e1s de otros funcionarios relacionados con la obra, inform\u00f3 que para finales de 2022 se espera llegar a 2,4 millones de pasajeros al d\u00eda,<\/p>\n\n\n\n<p>En esta primera jornada de funcionamiento del AIFA se espera movilizar a 2.022 pasajeros en las 20 operaciones programadas para este d\u00eda, inform\u00f3 el secretario de Defensa Nacional, Luis Cresencio Sandoval.<\/p>\n\n\n\n<iframe loading=\"lazy\" src=\"https:\/\/www.facebook.com\/plugins\/video.php?height=476&#038;href=https%3A%2F%2Fwww.facebook.com%2FAeropuertoAIFA%2Fvideos%2F505875994255069%2F&#038;show_text=false&#038;width=380&#038;t=0\" width=\"380\" height=\"476\" style=\"border:none;overflow:hidden\" scrolling=\"no\" frameborder=\"0\" allowfullscreen=\"true\" allow=\"autoplay; clipboard-write; encrypted-media; picture-in-picture; web-share\" allowFullScreen=\"true\"><\/iframe>\n\n\n\n<p>La terminal tiene una construcci\u00f3n de 384.128 metros cuadrados que podr\u00e1 albergar 19,5 millones de pasajeros y 119.000 operaciones al a\u00f1o, seg\u00fan expuso el ingeniero constructor Ra\u00fal Miranda Rubalcaba en un recorrido previo para medios<\/p>\n\n\n\n<p>El domingo se produjo la llegada del primer vuelo, un avi\u00f3n de Aerom\u00e9xico, y este lunes se produjo la primera salida a las 6.30 horas (11.30 GMT) con destino Villahermosa, en el suroriental estado de Tabasco.<\/p>\n\n\n\n<p>La construcci\u00f3n del nuevo aeropuerto, que operar\u00e1 otros 19 vuelos este lunes, ha sido muy controvertido porque reemplaza al proyecto del Nuevo Aeropuerto Internacional de M\u00e9xico (NAIM), una obra moderna del sexenio de Enrique Pe\u00f1a Nieto (2012-2018) que a su vez despertaba cr\u00edticas por construirse sobre el lago de Texcoco y con contratos cuestionados por presunta corrupci\u00f3n.<\/p>\n\n\n\n<p>El Gobierno afirm\u00f3 la semana pasada que el AIFA tendr\u00e1 un costo oficial de casi 75.000 millones de pesos (cerca de 3.600 millones de d\u00f3lares), aunque una investigaci\u00f3n del diario El Universal calcul\u00f3 el precio en casi 116.000 millones de pesos (poco m\u00e1s de 5.600 millones de d\u00f3lares).&nbsp;<\/p>\n","protected":false},"excerpt":{"rendered":"<p>El presidente de M\u00e9xico, Andr\u00e9s Manuel L\u00f3pez Obrador, se mostr\u00f3 este lunes triunfante y calific\u00f3 como &#8220;misi\u00f3n cumplida&#8221; la inauguraci\u00f3n del nuevo Aeropuerto Internacional Felipe \u00c1ngeles (AIFA), uno de sus tres grandes proyectos emblem\u00e1ticos. L\u00f3pez Obrador se mostr\u00f3 orgulloso al cumplir con la meta de inauguraci\u00f3n del nuevo aeropuerto este lunes cuando mucha gente pensaba [&hellip;]<\/p>\n","protected":false},"author":80,"featured_media":208475,"comment_status":"closed","ping_status":"closed","sticky":false,"template":"","format":"standard","meta":{"footnotes":""},"categories":[15,36],"tags":[],"class_list":["post-208473","post","type-post","status-publish","format-standard","has-post-thumbnail","hentry","category-destacadas","category-nacion"],"_links":{"self":[{"href":"https:\/\/plazajuarez.mx\/historico\/wp-json\/wp\/v2\/posts\/208473","targetHints":{"allow":["GET"]}}],"collection":[{"href":"https:\/\/plazajuarez.mx\/historico\/wp-json\/wp\/v2\/posts"}],"about":[{"href":"https:\/\/plazajuarez.mx\/historico\/wp-json\/wp\/v2\/types\/post"}],"author":[{"embeddable":true,"href":"https:\/\/plazajuarez.mx\/historico\/wp-json\/wp\/v2\/users\/80"}],"replies":[{"embeddable":true,"href":"https:\/\/plazajuarez.mx\/historico\/wp-json\/wp\/v2\/comments?post=208473"}],"version-history":[{"count":0,"href":"https:\/\/plazajuarez.mx\/historico\/wp-json\/wp\/v2\/posts\/208473\/revisions"}],"wp:featuredmedia":[{"embeddable":true,"href":"https:\/\/plazajuarez.mx\/historico\/wp-json\/wp\/v2\/media\/208475"}],"wp:attachment":[{"href":"https:\/\/plazajuarez.mx\/historico\/wp-json\/wp\/v2\/media?parent=208473"}],"wp:term":[{"taxonomy":"category","embeddable":true,"href":"https:\/\/plazajuarez.mx\/historico\/wp-json\/wp\/v2\/categories?post=208473"},{"taxonomy":"post_tag","embeddable":true,"href":"https:\/\/plazajuarez.mx\/historico\/wp-json\/wp\/v2\/tags?post=208473"}],"curies":[{"name":"wp","href":"https:\/\/api.w.org\/{rel}","templated":true}]}}