{"id":208465,"date":"2022-03-21T11:27:10","date_gmt":"2022-03-21T17:27:10","guid":{"rendered":"https:\/\/plazajuarez.mx\/?p=208465"},"modified":"2022-03-21T11:28:56","modified_gmt":"2022-03-21T17:28:56","slug":"agrava_mariupol","status":"publish","type":"post","link":"https:\/\/plazajuarez.mx\/historico\/agrava_mariupol\/","title":{"rendered":"Se agrava el drama de Mari\u00fapol"},"content":{"rendered":"\n<ul class=\"wp-block-list\"><li>Rusia acus\u00f3 a Ucrania de impedir la salida de los habitantes<\/li><\/ul>\n\n\n\n<p> La campa\u00f1a militar rusa en Ucrania cumpli\u00f3 este domingo su vig\u00e9simo quinto d\u00eda mientras contin\u00faan los combates en el norte y sureste del pa\u00eds ante la falta de avances tangibles en el proceso de negociaci\u00f3n bilateral para un alto el fuego.<\/p>\n\n\n\n<p>Una de las situaciones m\u00e1s dram\u00e1ticas se vive en Mari\u00fapol, en el sureste del pa\u00eds, donde las autoridades denunciaron hoy el bombardeo ruso de una escuela de arte que serv\u00eda de refugio para 400 civiles, incluidos ancianos, mujeres y ni\u00f1os, sin ofrecer datos sobre posibles v\u00edctimas.<\/p>\n\n\n\n<p>Unas 400.000 personas han estado atrapadas en Mari\u00fapol durante m\u00e1s de dos semanas en medio de intensos bombardeos que han cortado los suministros centrales de electricidad, calefacci\u00f3n y agua, seg\u00fan fuentes locales.<\/p>\n\n\n\n<p>El presidente ucraniano, Volod\u00edmir Zelenski, calific\u00f3 este domingo el sitio de Mari\u00fapol como &#8220;un acto de terror que ser\u00e1 recordado en los siglos venideros&#8221;.<\/p>\n","protected":false},"excerpt":{"rendered":"<p>Rusia acus\u00f3 a Ucrania de impedir la salida de los habitantes La campa\u00f1a militar rusa en Ucrania cumpli\u00f3 este domingo su vig\u00e9simo quinto d\u00eda mientras contin\u00faan los combates en el norte y sureste del pa\u00eds ante la falta de avances tangibles en el proceso de negociaci\u00f3n bilateral para un alto el fuego. Una de las [&hellip;]<\/p>\n","protected":false},"author":80,"featured_media":208466,"comment_status":"closed","ping_status":"closed","sticky":false,"template":"","format":"standard","meta":{"footnotes":""},"categories":[31],"tags":[],"class_list":["post-208465","post","type-post","status-publish","format-standard","has-post-thumbnail","hentry","category-orbe"],"_links":{"self":[{"href":"https:\/\/plazajuarez.mx\/historico\/wp-json\/wp\/v2\/posts\/208465","targetHints":{"allow":["GET"]}}],"collection":[{"href":"https:\/\/plazajuarez.mx\/historico\/wp-json\/wp\/v2\/posts"}],"about":[{"href":"https:\/\/plazajuarez.mx\/historico\/wp-json\/wp\/v2\/types\/post"}],"author":[{"embeddable":true,"href":"https:\/\/plazajuarez.mx\/historico\/wp-json\/wp\/v2\/users\/80"}],"replies":[{"embeddable":true,"href":"https:\/\/plazajuarez.mx\/historico\/wp-json\/wp\/v2\/comments?post=208465"}],"version-history":[{"count":0,"href":"https:\/\/plazajuarez.mx\/historico\/wp-json\/wp\/v2\/posts\/208465\/revisions"}],"wp:featuredmedia":[{"embeddable":true,"href":"https:\/\/plazajuarez.mx\/historico\/wp-json\/wp\/v2\/media\/208466"}],"wp:attachment":[{"href":"https:\/\/plazajuarez.mx\/historico\/wp-json\/wp\/v2\/media?parent=208465"}],"wp:term":[{"taxonomy":"category","embeddable":true,"href":"https:\/\/plazajuarez.mx\/historico\/wp-json\/wp\/v2\/categories?post=208465"},{"taxonomy":"post_tag","embeddable":true,"href":"https:\/\/plazajuarez.mx\/historico\/wp-json\/wp\/v2\/tags?post=208465"}],"curies":[{"name":"wp","href":"https:\/\/api.w.org\/{rel}","templated":true}]}}