{"id":208438,"date":"2022-03-21T10:26:56","date_gmt":"2022-03-21T16:26:56","guid":{"rendered":"https:\/\/plazajuarez.mx\/?p=208438"},"modified":"2022-03-21T10:27:05","modified_gmt":"2022-03-21T16:27:05","slug":"adulto_mayor","status":"publish","type":"post","link":"https:\/\/plazajuarez.mx\/historico\/adulto_mayor\/","title":{"rendered":"Adulto mayor aparece muerto en canal de\u00a0aguas negras"},"content":{"rendered":"\n<p><strong>Protecci\u00f3n Civil confirm\u00f3 que el cuerpo no contaba con signos vitales<\/strong><\/p>\n\n\n\n<p>Vecinos de Chilcuautla, reportaron al 911 de Emergencias, la aparici\u00f3n de un cuerpo sin vida de un masculino, dentro de un canal de aguas negras, lo que provoc\u00f3 la intervenci\u00f3n de elementos polic\u00edacos y param\u00e9dicos de Protecci\u00f3n Civil Municipal.<\/p>\n\n\n\n<p>La ma\u00f1ana de ayer, se registr\u00f3 el macabro hallazgo y se avis\u00f3 a la Procuradur\u00eda General de Justicia de Hidalgo.<\/p>\n\n\n\n<p>Los primeros respondientes fueron los oficiales de la Polic\u00eda Municipal, sin embargo posteriormente se tuvo la asistencia de agentes de la Polic\u00eda del Estado, quienes tomaron conocimiento del hecho.<\/p>\n\n\n\n<p>De ello se sabe que el infortunado desapareci\u00f3 desde la noche del s\u00e1bado, luego de que estuvo conviviendo con unos amigos, ingiriendo bebidas et\u00edlicas, por lo que se presume que pudo haber ca\u00eddo accidentalmente al canal de aguas negras.<\/p>\n\n\n\n<p>El infortunado se dijo que en vida respond\u00eda al nombre de Juan \u201cN\u201d, quien hasta antes de su deceso contaba con 77 a\u00f1os de edad y era vecino de la localidad de Zacualoya.<\/p>\n","protected":false},"excerpt":{"rendered":"<p>Protecci\u00f3n Civil confirm\u00f3 que el cuerpo no contaba con signos vitales Vecinos de Chilcuautla, reportaron al 911 de Emergencias, la aparici\u00f3n de un cuerpo sin vida de un masculino, dentro de un canal de aguas negras, lo que provoc\u00f3 la intervenci\u00f3n de elementos polic\u00edacos y param\u00e9dicos de Protecci\u00f3n Civil Municipal. La ma\u00f1ana de ayer, se [&hellip;]<\/p>\n","protected":false},"author":93,"featured_media":208439,"comment_status":"closed","ping_status":"closed","sticky":false,"template":"","format":"standard","meta":{"footnotes":""},"categories":[37],"tags":[],"class_list":["post-208438","post","type-post","status-publish","format-standard","has-post-thumbnail","hentry","category-barandilla"],"_links":{"self":[{"href":"https:\/\/plazajuarez.mx\/historico\/wp-json\/wp\/v2\/posts\/208438","targetHints":{"allow":["GET"]}}],"collection":[{"href":"https:\/\/plazajuarez.mx\/historico\/wp-json\/wp\/v2\/posts"}],"about":[{"href":"https:\/\/plazajuarez.mx\/historico\/wp-json\/wp\/v2\/types\/post"}],"author":[{"embeddable":true,"href":"https:\/\/plazajuarez.mx\/historico\/wp-json\/wp\/v2\/users\/93"}],"replies":[{"embeddable":true,"href":"https:\/\/plazajuarez.mx\/historico\/wp-json\/wp\/v2\/comments?post=208438"}],"version-history":[{"count":0,"href":"https:\/\/plazajuarez.mx\/historico\/wp-json\/wp\/v2\/posts\/208438\/revisions"}],"wp:featuredmedia":[{"embeddable":true,"href":"https:\/\/plazajuarez.mx\/historico\/wp-json\/wp\/v2\/media\/208439"}],"wp:attachment":[{"href":"https:\/\/plazajuarez.mx\/historico\/wp-json\/wp\/v2\/media?parent=208438"}],"wp:term":[{"taxonomy":"category","embeddable":true,"href":"https:\/\/plazajuarez.mx\/historico\/wp-json\/wp\/v2\/categories?post=208438"},{"taxonomy":"post_tag","embeddable":true,"href":"https:\/\/plazajuarez.mx\/historico\/wp-json\/wp\/v2\/tags?post=208438"}],"curies":[{"name":"wp","href":"https:\/\/api.w.org\/{rel}","templated":true}]}}