{"id":208435,"date":"2022-03-21T10:21:21","date_gmt":"2022-03-21T16:21:21","guid":{"rendered":"https:\/\/plazajuarez.mx\/?p=208435"},"modified":"2022-03-21T10:21:30","modified_gmt":"2022-03-21T16:21:30","slug":"capacitacion_electoral","status":"publish","type":"post","link":"https:\/\/plazajuarez.mx\/historico\/capacitacion_electoral\/","title":{"rendered":"Personal de PGJH concluy\u00f3 Programa\u00a0de Capacitaci\u00f3n Electoral en Hidalgo"},"content":{"rendered":"\n<p>La Procuradur\u00eda General de Justicia del estado de Hidalgo, que preside Alejandro Habib Nicol\u00e1s, dio a conocer que termin\u00f3 el programa de Capacitaci\u00f3n Electoral, que se imparti\u00f3 al personal de esa dependencia.<\/p>\n\n\n\n<p>Al respecto Habib Nicol\u00e1s detall\u00f3 \u201cCon experiencias aleccionadoras y \u00fatiles para enfrentar el proceso electoral 2021-2022, se concluy\u00f3 el Programa de Capacitaci\u00f3n Electoral en Hidalgo\u201d.<\/p>\n\n\n\n<p>As\u00ed mismo el funcionario dej\u00f3 en claro, que esta importante capacitaci\u00f3n fue organizada, coordinada e impartida por el Tribunal Electoral del Poder Judicial Federal y el Tribunal Electoral del Estado de Hidalgo, donde tambi\u00e9n se cont\u00f3 con la participaci\u00f3n del personal de dicha autoridad judicial local y del Instituto Estatal Electoral de Hidalgo.<\/p>\n\n\n\n<p><strong>PIE DE FOTO<\/strong><\/p>\n\n\n\n<p>Procuradur\u00eda de Hidalgo, culmin\u00f3 programa de Capacitaci\u00f3n Electoral.<\/p>\n","protected":false},"excerpt":{"rendered":"<p>La Procuradur\u00eda General de Justicia del estado de Hidalgo, que preside Alejandro Habib Nicol\u00e1s, dio a conocer que termin\u00f3 el programa de Capacitaci\u00f3n Electoral, que se imparti\u00f3 al personal de esa dependencia. Al respecto Habib Nicol\u00e1s detall\u00f3 \u201cCon experiencias aleccionadoras y \u00fatiles para enfrentar el proceso electoral 2021-2022, se concluy\u00f3 el Programa de Capacitaci\u00f3n Electoral [&hellip;]<\/p>\n","protected":false},"author":93,"featured_media":208436,"comment_status":"closed","ping_status":"closed","sticky":false,"template":"","format":"standard","meta":{"footnotes":""},"categories":[37],"tags":[],"class_list":["post-208435","post","type-post","status-publish","format-standard","has-post-thumbnail","hentry","category-barandilla"],"_links":{"self":[{"href":"https:\/\/plazajuarez.mx\/historico\/wp-json\/wp\/v2\/posts\/208435","targetHints":{"allow":["GET"]}}],"collection":[{"href":"https:\/\/plazajuarez.mx\/historico\/wp-json\/wp\/v2\/posts"}],"about":[{"href":"https:\/\/plazajuarez.mx\/historico\/wp-json\/wp\/v2\/types\/post"}],"author":[{"embeddable":true,"href":"https:\/\/plazajuarez.mx\/historico\/wp-json\/wp\/v2\/users\/93"}],"replies":[{"embeddable":true,"href":"https:\/\/plazajuarez.mx\/historico\/wp-json\/wp\/v2\/comments?post=208435"}],"version-history":[{"count":0,"href":"https:\/\/plazajuarez.mx\/historico\/wp-json\/wp\/v2\/posts\/208435\/revisions"}],"wp:featuredmedia":[{"embeddable":true,"href":"https:\/\/plazajuarez.mx\/historico\/wp-json\/wp\/v2\/media\/208436"}],"wp:attachment":[{"href":"https:\/\/plazajuarez.mx\/historico\/wp-json\/wp\/v2\/media?parent=208435"}],"wp:term":[{"taxonomy":"category","embeddable":true,"href":"https:\/\/plazajuarez.mx\/historico\/wp-json\/wp\/v2\/categories?post=208435"},{"taxonomy":"post_tag","embeddable":true,"href":"https:\/\/plazajuarez.mx\/historico\/wp-json\/wp\/v2\/tags?post=208435"}],"curies":[{"name":"wp","href":"https:\/\/api.w.org\/{rel}","templated":true}]}}