{"id":208432,"date":"2022-03-21T10:15:41","date_gmt":"2022-03-21T16:15:41","guid":{"rendered":"https:\/\/plazajuarez.mx\/?p=208432"},"modified":"2022-03-21T10:15:52","modified_gmt":"2022-03-21T16:15:52","slug":"abuso_sexual","status":"publish","type":"post","link":"https:\/\/plazajuarez.mx\/historico\/abuso_sexual\/","title":{"rendered":"Lo vinculan a proceso por\u00a0abuso sexual de una menor"},"content":{"rendered":"\n<p><strong>El delito se habr\u00eda cometido en febrero de 2017, durante una convivencia en un domicilio ubicado en Atotonilco de Tula<\/strong><\/p>\n\n\n\n<p>Un agente del ministerio p\u00fablico de la Subprocuradur\u00eda de delitos de g\u00e9nero, desaparici\u00f3n de personas e impacto social, reuni\u00f3 datos de prueba contra un masculino por su probable responsabilidad en hechos se\u00f1alados por la ley como abuso sexual equiparado.<\/p>\n\n\n\n<p>En febrero de 2017 durante una convivencia en un domicilio de Atotonilco de Tula, una persona menor de edad fue agredida sexualmente.<\/p>\n\n\n\n<p>De estos hechos tom\u00f3 conocimiento la Procuradur\u00eda General de Justicia del Estado de Hidalgo (PGJEH), tras la denuncia que gener\u00f3 el inicio de la carpeta de investigaci\u00f3n por abuso sexual equiparado, a la par un equipo multidisciplinario brind\u00f3 atenci\u00f3n integral a la menor agraviada.<\/p>\n\n\n\n<p>El agente del Ministerio P\u00fablico encargado de investigaci\u00f3n, reuni\u00f3 los datos de prueba que sirvieron para que el juez de control dictara la vinculaci\u00f3n a proceso del probable agresor, por abuso sexual equiparado.<\/p>\n\n\n\n<p>Al finalizar la audiencia la autoridad judicial otorg\u00f3 un plazo de dos meses para cierre de investigaci\u00f3n complementaria.<\/p>\n","protected":false},"excerpt":{"rendered":"<p>El delito se habr\u00eda cometido en febrero de 2017, durante una convivencia en un domicilio ubicado en Atotonilco de Tula Un agente del ministerio p\u00fablico de la Subprocuradur\u00eda de delitos de g\u00e9nero, desaparici\u00f3n de personas e impacto social, reuni\u00f3 datos de prueba contra un masculino por su probable responsabilidad en hechos se\u00f1alados por la ley [&hellip;]<\/p>\n","protected":false},"author":93,"featured_media":208433,"comment_status":"closed","ping_status":"closed","sticky":false,"template":"","format":"standard","meta":{"footnotes":""},"categories":[37],"tags":[2257],"class_list":["post-208432","post","type-post","status-publish","format-standard","has-post-thumbnail","hentry","category-barandilla","tag-abuso"],"_links":{"self":[{"href":"https:\/\/plazajuarez.mx\/historico\/wp-json\/wp\/v2\/posts\/208432","targetHints":{"allow":["GET"]}}],"collection":[{"href":"https:\/\/plazajuarez.mx\/historico\/wp-json\/wp\/v2\/posts"}],"about":[{"href":"https:\/\/plazajuarez.mx\/historico\/wp-json\/wp\/v2\/types\/post"}],"author":[{"embeddable":true,"href":"https:\/\/plazajuarez.mx\/historico\/wp-json\/wp\/v2\/users\/93"}],"replies":[{"embeddable":true,"href":"https:\/\/plazajuarez.mx\/historico\/wp-json\/wp\/v2\/comments?post=208432"}],"version-history":[{"count":0,"href":"https:\/\/plazajuarez.mx\/historico\/wp-json\/wp\/v2\/posts\/208432\/revisions"}],"wp:featuredmedia":[{"embeddable":true,"href":"https:\/\/plazajuarez.mx\/historico\/wp-json\/wp\/v2\/media\/208433"}],"wp:attachment":[{"href":"https:\/\/plazajuarez.mx\/historico\/wp-json\/wp\/v2\/media?parent=208432"}],"wp:term":[{"taxonomy":"category","embeddable":true,"href":"https:\/\/plazajuarez.mx\/historico\/wp-json\/wp\/v2\/categories?post=208432"},{"taxonomy":"post_tag","embeddable":true,"href":"https:\/\/plazajuarez.mx\/historico\/wp-json\/wp\/v2\/tags?post=208432"}],"curies":[{"name":"wp","href":"https:\/\/api.w.org\/{rel}","templated":true}]}}