{"id":208357,"date":"2022-03-20T12:31:01","date_gmt":"2022-03-20T18:31:01","guid":{"rendered":"https:\/\/plazajuarez.mx\/?p=208357"},"modified":"2022-03-20T12:31:36","modified_gmt":"2022-03-20T18:31:36","slug":"fred_vive","status":"publish","type":"post","link":"https:\/\/plazajuarez.mx\/historico\/fred_vive\/","title":{"rendered":"Fred Durst, de Limp Bizkit, desata memes"},"content":{"rendered":"\n<p> Para muchos la presentaci\u00f3n de Limp Bizkit en el Vive Latino fue el momento m\u00e1s esperado, sobre todo para los llamados &#8220;chavorrucos&#8221;, quienes recibieron burlas en redes sociales cuando Fred Durst, el l\u00edder de la banda, apareci\u00f3 en acci\u00f3n en el escenario.<\/p>\n\n\n\n<p>Con un overol color caqui es como el cantante se present\u00f3 la noche de ayer s\u00e1bado como parte del plato fuerte del fest\u00edn musical que congreg\u00f3 a una multitud de 80 mil personas, seg\u00fan cifras oficiales.<\/p>\n\n\n\n<p>Aunque desde hace tiempo, Fred Durst ya no luce como en sus a\u00f1os de gloria, cibernautas mostraron su sorpresa por lo diferente que se ve, pues para algunos &#8220;ni se parece&#8221; o &#8220;podr\u00eda ser cualquier otra persona, menos Fred&#8221;.<\/p>\n\n\n\n<p>Fred Durst enloqueci\u00f3 a sus fans con temas emblem\u00e1ticos de los 90 como &#8220;Hot dog&#8221;, &#8220;Break Stuff&#8221;, &#8220;Livin\u2019 it up&#8221;.<\/p>\n\n\n\n<p>&#8220;\u00a1Viva M\u00e9xico, cabrones! Vive Latino, hola. Yo amo a M\u00e9xico, gracias por tener a Limp Bizkit en su casa&#8221;, dijo el cantante al saludar a su p\u00fablico.<\/p>\n\n\n\n<p>Los cuerpos chocando y las cabezas movi\u00e9ndose desbordaban entre los asistentes, era como un temblor que sacud\u00eda el piso, pero que se valoraba por grados de felicidad y liberaci\u00f3n.<\/p>\n\n\n\n<p>&#8220;Ciudad de M\u00e9xico, \u00bfest\u00e1n felices est\u00e1 noche?, Limp Bizkit est\u00e1 en casa&#8221;, dijo el cantante.<\/p>\n\n\n\n<p>La sorpresa lleg\u00f3 con un mix de m\u00fasica latina entre ska y merengue que provoc\u00f3 el baile. La locura se desat\u00f3 con sus grandes \u00e9xitos, en especial &#8220;My generation&#8221;, que uni\u00f3 a cientos de asistentes en una sola generaci\u00f3n pospand\u00e9mica. Luego lleg\u00f3 &#8220;My way&#8221;, &#8220;Nookie&#8221;, &#8220;Rollin\u2019 (Air raid vehicle)&#8221; y &#8220;Take look around&#8221;, que fueron coreadas por todos de tal manera que por ocasiones, el cantante cedi\u00f3 el micr\u00f3fono a sus fan\u00e1ticos<\/p>\n","protected":false},"excerpt":{"rendered":"<p>Para muchos la presentaci\u00f3n de Limp Bizkit en el Vive Latino fue el momento m\u00e1s esperado, sobre todo para los llamados &#8220;chavorrucos&#8221;, quienes recibieron burlas en redes sociales cuando Fred Durst, el l\u00edder de la banda, apareci\u00f3 en acci\u00f3n en el escenario. Con un overol color caqui es como el cantante se present\u00f3 la noche [&hellip;]<\/p>\n","protected":false},"author":81,"featured_media":208358,"comment_status":"closed","ping_status":"closed","sticky":false,"template":"","format":"standard","meta":{"footnotes":""},"categories":[38],"tags":[],"class_list":["post-208357","post","type-post","status-publish","format-standard","has-post-thumbnail","hentry","category-show"],"_links":{"self":[{"href":"https:\/\/plazajuarez.mx\/historico\/wp-json\/wp\/v2\/posts\/208357","targetHints":{"allow":["GET"]}}],"collection":[{"href":"https:\/\/plazajuarez.mx\/historico\/wp-json\/wp\/v2\/posts"}],"about":[{"href":"https:\/\/plazajuarez.mx\/historico\/wp-json\/wp\/v2\/types\/post"}],"author":[{"embeddable":true,"href":"https:\/\/plazajuarez.mx\/historico\/wp-json\/wp\/v2\/users\/81"}],"replies":[{"embeddable":true,"href":"https:\/\/plazajuarez.mx\/historico\/wp-json\/wp\/v2\/comments?post=208357"}],"version-history":[{"count":0,"href":"https:\/\/plazajuarez.mx\/historico\/wp-json\/wp\/v2\/posts\/208357\/revisions"}],"wp:featuredmedia":[{"embeddable":true,"href":"https:\/\/plazajuarez.mx\/historico\/wp-json\/wp\/v2\/media\/208358"}],"wp:attachment":[{"href":"https:\/\/plazajuarez.mx\/historico\/wp-json\/wp\/v2\/media?parent=208357"}],"wp:term":[{"taxonomy":"category","embeddable":true,"href":"https:\/\/plazajuarez.mx\/historico\/wp-json\/wp\/v2\/categories?post=208357"},{"taxonomy":"post_tag","embeddable":true,"href":"https:\/\/plazajuarez.mx\/historico\/wp-json\/wp\/v2\/tags?post=208357"}],"curies":[{"name":"wp","href":"https:\/\/api.w.org\/{rel}","templated":true}]}}