{"id":208328,"date":"2022-03-20T07:48:11","date_gmt":"2022-03-20T13:48:11","guid":{"rendered":"https:\/\/plazajuarez.mx\/?p=208328"},"modified":"2022-03-20T07:48:18","modified_gmt":"2022-03-20T13:48:18","slug":"listos-para-el-ejercicio-de-consulta-ciudadana-para-revocacion-del-mandato","status":"publish","type":"post","link":"https:\/\/plazajuarez.mx\/historico\/listos-para-el-ejercicio-de-consulta-ciudadana-para-revocacion-del-mandato\/","title":{"rendered":"Listos para el ejercicio de consulta ciudadana para Revocaci\u00f3n del Mandato"},"content":{"rendered":"\n<p>La vocal del registro electoral del Instituto Nacional Electoral (INE) en Hidalgo, Ana Alicia Hoyo Chalit, declar\u00f3 que est\u00e1n listos para desarrollar el ejercicio de consulta ciudadana sobre la Revocaci\u00f3n del Mandato.<\/p>\n\n\n\n<p>Se\u00f1al\u00f3 que el Registro Federal de Electores est\u00e1 actualizado, luego que tambi\u00e9n se desarrolla de manera paralela el proceso electoral para renovaci\u00f3n de la gubernatura, de tal manera que los ciudadanos tuvieron hasta el 31 de enero para realizar los tr\u00e1mites de actualizaci\u00f3n, renovaci\u00f3n o reimpresi\u00f3n de la credencial de elector.<\/p>\n\n\n\n<p>Indic\u00f3 que en la entidad ser\u00e1n instaladas mil 391 mesas receptoras ubicadas en unidades territoriales que se dotar\u00e1n de dos mil boletas \u201cse agruparon secciones porque no se pueden instalar el mismo n\u00famero de casillas que en el proceso normal porque no hay recursos suficientes\u201d.<\/p>\n\n\n\n<p>Precis\u00f3 que el horario de apertura de cada mesa receptora, es igual al del proceso electoral normal, a las ocho de la ma\u00f1ana, para cerrar a las 18:00 horas; y despu\u00e9s los paquetes ser\u00e1n recibidos en los consejos distritales para realizar el c\u00f3mputo, de tal manera que el resultado ser\u00e1 informado al d\u00eda siguiente de la consulta ciudadana.<\/p>\n\n\n\n<p>Hoyo Chalit sentenci\u00f3 que el desarrollo de manera paralela de dos ejercicios democr\u00e1ticos puede resultar cansado para la poblaci\u00f3n, no obstante enfatiz\u00f3 \u201ces algo novedoso el ejercicio de revocaci\u00f3n y podr\u00eda considerarse demasiadas las invitaciones de participaci\u00f3n, pero nos tenemos que acostumbrar a participar porque es un derecho y obligaci\u00f3n para ejercer su ciudadan\u00eda y hacer valer sus derechos\u201d.<\/p>\n","protected":false},"excerpt":{"rendered":"<p>La vocal del registro electoral del Instituto Nacional Electoral (INE) en Hidalgo, Ana Alicia Hoyo Chalit, declar\u00f3 que est\u00e1n listos para desarrollar el ejercicio de consulta ciudadana sobre la Revocaci\u00f3n del Mandato. Se\u00f1al\u00f3 que el Registro Federal de Electores est\u00e1 actualizado, luego que tambi\u00e9n se desarrolla de manera paralela el proceso electoral para renovaci\u00f3n de [&hellip;]<\/p>\n","protected":false},"author":73,"featured_media":208347,"comment_status":"closed","ping_status":"closed","sticky":false,"template":"","format":"standard","meta":{"footnotes":""},"categories":[15,59],"tags":[],"class_list":["post-208328","post","type-post","status-publish","format-standard","has-post-thumbnail","hentry","category-destacadas","category-general"],"_links":{"self":[{"href":"https:\/\/plazajuarez.mx\/historico\/wp-json\/wp\/v2\/posts\/208328","targetHints":{"allow":["GET"]}}],"collection":[{"href":"https:\/\/plazajuarez.mx\/historico\/wp-json\/wp\/v2\/posts"}],"about":[{"href":"https:\/\/plazajuarez.mx\/historico\/wp-json\/wp\/v2\/types\/post"}],"author":[{"embeddable":true,"href":"https:\/\/plazajuarez.mx\/historico\/wp-json\/wp\/v2\/users\/73"}],"replies":[{"embeddable":true,"href":"https:\/\/plazajuarez.mx\/historico\/wp-json\/wp\/v2\/comments?post=208328"}],"version-history":[{"count":0,"href":"https:\/\/plazajuarez.mx\/historico\/wp-json\/wp\/v2\/posts\/208328\/revisions"}],"wp:featuredmedia":[{"embeddable":true,"href":"https:\/\/plazajuarez.mx\/historico\/wp-json\/wp\/v2\/media\/208347"}],"wp:attachment":[{"href":"https:\/\/plazajuarez.mx\/historico\/wp-json\/wp\/v2\/media?parent=208328"}],"wp:term":[{"taxonomy":"category","embeddable":true,"href":"https:\/\/plazajuarez.mx\/historico\/wp-json\/wp\/v2\/categories?post=208328"},{"taxonomy":"post_tag","embeddable":true,"href":"https:\/\/plazajuarez.mx\/historico\/wp-json\/wp\/v2\/tags?post=208328"}],"curies":[{"name":"wp","href":"https:\/\/api.w.org\/{rel}","templated":true}]}}