{"id":20830,"date":"2016-05-08T16:34:20","date_gmt":"2016-05-08T16:34:20","guid":{"rendered":"http:\/\/plazajuarez.mx\/index\/index.php\/2016\/05\/08\/invisible\/"},"modified":"2020-04-14T19:58:58","modified_gmt":"2020-04-14T19:58:58","slug":"invisible","status":"publish","type":"post","link":"https:\/\/plazajuarez.mx\/historico\/invisible\/","title":{"rendered":"Invisible"},"content":{"rendered":"<p>RELATOS DE VIDA<\/p>\n<p>  <!--more-->  <\/p>\n<p>\u00a0<\/p>\n<p>Teniendo de apoyo un diccionario de primaria, Invisible se forma a partir de\u00a0 la palabra visible y \u00e9ste a su vez proviene del lat\u00edn; deriva de invisibilis, invisibile, adjetivo formado por el prefijo in- que se\u00f1ala negaci\u00f3n; por visus, visa, visum participio del verbo video, vides, videre, vidi, visum cuyo significado es ver, m\u00e1s el sufijo -bilis que indica posibilidad pasiva.<\/p>\n<p>\u00a0<\/p>\n<p>Partiendo de su etimolog\u00eda, la primera definici\u00f3n de esta palabra es que no puede ser percibido por la vista.<\/p>\n<p>\u00a0<\/p>\n<p>Para Jorge, esta palabra representaba su modus vivendi, \u00e9l prefer\u00eda pasar desapercibido ante las miradas de las personas; su filosof\u00eda se basaba en el principio de Don Benito Ju\u00e1rez, el respeto al derecho ajeno es la Paz; de tal manera que no entraba en chismes y diretes, y \u00e9l no articular palabra le ayudaba a mantenerse siempre aislado.<\/p>\n<p>\u00a0<\/p>\n<p>Para no interactuar con ning\u00fan ser humano, su vida cotidiana era bastante ajetreada; madrugaba, recorr\u00eda las principales calles del pueblo y merodeaba por los basureros en busca de latas, papel o vidrio, para despu\u00e9s venderlos y ganarse la comida del diaria.<\/p>\n<p>\u00a0<\/p>\n<p>Jorge era indigente, las razones pueden ser muchas, abandon\u00f3 a su familia o por el contrario lo corrieron de su hogar; se canso de la vida que llevaba probablemente de lujos y despilfarros, o simplemente fue el destino el encargado de ponerlo en ese camino.<\/p>\n<p>\u00a0<\/p>\n<p>Probablemente su edad oscilaba entre los 40 a\u00f1os, sus prendas estaban sucias, su cabello largo y quebrado, y su andar apresurado, pues le gustaba llegar a su callej\u00f3n donde lo esperaban unas cajas, peri\u00f3dicos y algunas cobijas, antes del anochecer para armar su hogar y seguir con su misi\u00f3n de pasar desapercibido.<\/p>\n<p>\u00a0<\/p>\n<p>Una semana transcurri\u00f3 cuando Jorge en el \u00e1nimo de encontrar m\u00e1s material para vender alarg\u00f3 su ruta y lleg\u00f3 a su improvisada casa cuando ya no hab\u00eda luz, estaba cansado as\u00ed que comenz\u00f3 a buscar las partes que conformaban su hogar, no obstante, no encontr\u00f3 nada. Por la tarde, y como jam\u00e1s en su vida lo hab\u00edan hecho, personal de limpieza del ayuntamiento recorri\u00f3 el callej\u00f3n para levantar basura y dejar libre el espacio, el argumento evitar la delincuencia y vandalismo.<\/p>\n<p>\u00a0<\/p>\n<p>Jorge no tuvo m\u00e1s remedio que acomodarse en una esquina al fondo de ese estrecho lugar, se cubri\u00f3 con su gabardina para hacerse pasar como una mancha, pero lamentablemente su invisibilidad en esta ocasi\u00f3n no surti\u00f3 efecto.<\/p>\n<p>\u00a0<\/p>\n<p>Contrario a los prop\u00f3sitos de los funcionarios, el callej\u00f3n fue elegido por rufianes para atacar a los\u00a0 transe\u00fantes, el primero de ellos Jorge, quien agazapado bajo su gabardina pensando que era un caparaz\u00f3n solo aguant\u00f3 los golpes hasta que su coraz\u00f3n dej\u00f3 de latir.<\/p>\n<p>\u00a0<\/p>\n<p>Pasaron los d\u00edas y su presencia no fue extra\u00f1ada, hasta que el olor del cuerpo inerte alert\u00f3 a la poblaci\u00f3n. Meses despu\u00e9s por voz de los habitantes se supo que a partir de la muerte de Jorge, la delincuencia comenz\u00f3 a disminuir, pues cuando los maleantes intentaban usar el callej\u00f3n para cometer sus fechor\u00edas algo pasaba, un ser invisible golpeaba a los rufianes y liberaba a las v\u00edctimas, rumor que caus\u00f3 miedo entre los malvivientes y se convirti\u00f3 en una leyenda para los pobladores.<\/p>\n","protected":false},"excerpt":{"rendered":"<p>RELATOS DE VIDA<\/p>\n","protected":false},"author":73,"featured_media":0,"comment_status":"open","ping_status":"open","sticky":false,"template":"","format":"standard","meta":{"footnotes":""},"categories":[42,85],"tags":[],"class_list":["post-20830","post","type-post","status-publish","format-standard","hentry","category-nuestrapalabra","category-relatos"],"_links":{"self":[{"href":"https:\/\/plazajuarez.mx\/historico\/wp-json\/wp\/v2\/posts\/20830","targetHints":{"allow":["GET"]}}],"collection":[{"href":"https:\/\/plazajuarez.mx\/historico\/wp-json\/wp\/v2\/posts"}],"about":[{"href":"https:\/\/plazajuarez.mx\/historico\/wp-json\/wp\/v2\/types\/post"}],"author":[{"embeddable":true,"href":"https:\/\/plazajuarez.mx\/historico\/wp-json\/wp\/v2\/users\/73"}],"replies":[{"embeddable":true,"href":"https:\/\/plazajuarez.mx\/historico\/wp-json\/wp\/v2\/comments?post=20830"}],"version-history":[{"count":0,"href":"https:\/\/plazajuarez.mx\/historico\/wp-json\/wp\/v2\/posts\/20830\/revisions"}],"wp:attachment":[{"href":"https:\/\/plazajuarez.mx\/historico\/wp-json\/wp\/v2\/media?parent=20830"}],"wp:term":[{"taxonomy":"category","embeddable":true,"href":"https:\/\/plazajuarez.mx\/historico\/wp-json\/wp\/v2\/categories?post=20830"},{"taxonomy":"post_tag","embeddable":true,"href":"https:\/\/plazajuarez.mx\/historico\/wp-json\/wp\/v2\/tags?post=20830"}],"curies":[{"name":"wp","href":"https:\/\/api.w.org\/{rel}","templated":true}]}}