{"id":208289,"date":"2022-03-19T12:34:46","date_gmt":"2022-03-19T18:34:46","guid":{"rendered":"https:\/\/plazajuarez.mx\/?p=208289"},"modified":"2022-03-19T12:34:55","modified_gmt":"2022-03-19T18:34:55","slug":"joven-de-22-anos-se-metio-a-la-alberca-y-murio-ahogado","status":"publish","type":"post","link":"https:\/\/plazajuarez.mx\/historico\/joven-de-22-anos-se-metio-a-la-alberca-y-murio-ahogado\/","title":{"rendered":"Joven de 22 a\u00f1os, se meti\u00f3 a la alberca y muri\u00f3 ahogado"},"content":{"rendered":"\n<p>Esta ma\u00f1ana al filo de las 09:40 horas, un d\u00eda de recreo se convirti\u00f3 en tragedia, ya que un joven muri\u00f3 ahogado en un balneario del municipio de Ixmiquilpan.<\/p>\n\n\n\n<p>Fue en el balneario de Pueblo Nuevo, del municipio antes descrito, donde tuvo lugar la contingencia que dej\u00f3 sin vida al infortunado, lo que gener\u00f3 la movilizaci\u00f3n de elementos de las corporaciones policiacas y de socorro para tomar y brindar apoyo respectivamente.<\/p>\n\n\n\n<p>En el lugar agentes de la Polic\u00eda Estatal se entrevistaron con los param\u00e9dicos que arribaron al balneario a bordo de la ambulancia HGO024 de Cruz Roja, quienes informaron el deceso de la v\u00edctima.<\/p>\n\n\n\n<p>Se sabe que R.B.C., de 22 a\u00f1os, estaba en \u00e1rea de albercas pero repentinamente se hundi\u00f3 y sus acompa\u00f1antes ya no lo vieron, por lo que pidieron ayuda, desafortunadamente al localizarlo ya no contaba con signos vitales.<\/p>\n\n\n\n<p>Por el fallecimiento del joven el sitio fue resguardado para permitir las labores del personal de la Procuradur\u00eda General de Justicia de Hidalgo que llev\u00f3 a cabo las diligencias y dio inicio a la carpeta de investigaci\u00f3n correspondiente.<\/p>\n","protected":false},"excerpt":{"rendered":"<p>Esta ma\u00f1ana al filo de las 09:40 horas, un d\u00eda de recreo se convirti\u00f3 en tragedia, ya que un joven muri\u00f3 ahogado en un balneario del municipio de Ixmiquilpan. Fue en el balneario de Pueblo Nuevo, del municipio antes descrito, donde tuvo lugar la contingencia que dej\u00f3 sin vida al infortunado, lo que gener\u00f3 la [&hellip;]<\/p>\n","protected":false},"author":93,"featured_media":208290,"comment_status":"closed","ping_status":"closed","sticky":false,"template":"","format":"standard","meta":{"footnotes":""},"categories":[37,15],"tags":[],"class_list":["post-208289","post","type-post","status-publish","format-standard","has-post-thumbnail","hentry","category-barandilla","category-destacadas"],"_links":{"self":[{"href":"https:\/\/plazajuarez.mx\/historico\/wp-json\/wp\/v2\/posts\/208289","targetHints":{"allow":["GET"]}}],"collection":[{"href":"https:\/\/plazajuarez.mx\/historico\/wp-json\/wp\/v2\/posts"}],"about":[{"href":"https:\/\/plazajuarez.mx\/historico\/wp-json\/wp\/v2\/types\/post"}],"author":[{"embeddable":true,"href":"https:\/\/plazajuarez.mx\/historico\/wp-json\/wp\/v2\/users\/93"}],"replies":[{"embeddable":true,"href":"https:\/\/plazajuarez.mx\/historico\/wp-json\/wp\/v2\/comments?post=208289"}],"version-history":[{"count":0,"href":"https:\/\/plazajuarez.mx\/historico\/wp-json\/wp\/v2\/posts\/208289\/revisions"}],"wp:featuredmedia":[{"embeddable":true,"href":"https:\/\/plazajuarez.mx\/historico\/wp-json\/wp\/v2\/media\/208290"}],"wp:attachment":[{"href":"https:\/\/plazajuarez.mx\/historico\/wp-json\/wp\/v2\/media?parent=208289"}],"wp:term":[{"taxonomy":"category","embeddable":true,"href":"https:\/\/plazajuarez.mx\/historico\/wp-json\/wp\/v2\/categories?post=208289"},{"taxonomy":"post_tag","embeddable":true,"href":"https:\/\/plazajuarez.mx\/historico\/wp-json\/wp\/v2\/tags?post=208289"}],"curies":[{"name":"wp","href":"https:\/\/api.w.org\/{rel}","templated":true}]}}