{"id":208283,"date":"2022-03-19T10:44:29","date_gmt":"2022-03-19T16:44:29","guid":{"rendered":"https:\/\/plazajuarez.mx\/?p=208283"},"modified":"2022-03-19T10:44:39","modified_gmt":"2022-03-19T16:44:39","slug":"migrante-asesinado","status":"publish","type":"post","link":"https:\/\/plazajuarez.mx\/historico\/migrante-asesinado\/","title":{"rendered":"Migrante asesinado"},"content":{"rendered":"\n<h2 class=\"wp-block-heading\"><em>CINE DE MA\u00d1ANA<\/em><\/h2>\n\n\n\n<p>A \u00faltimas fechas han proliferado las cintas acerca de los migrantes y los coyotes. \u201cAl l\u00edmite de la venganza\u201d, de Conor Allyn, a cuya premier nos invitaron los buenos amigos de Cin\u00e9polis, ofrece una interesante variante.<\/p>\n\n\n\n<p>De acuerdo al gui\u00f3n de Jake Allyn y David Barraza. Jackson (el propio Allyn) es un ranchero texano que sue\u00f1a con probarse con los Yanquis, para enorgullecer a sus padres Bill (Frank Grillo) y M\u00f3nica (Andie McDowell), agobiados por las deudas de su rancho.<\/p>\n\n\n\n<p>Durante una incursi\u00f3n nocturna de indocumentados. Jackson mata accidentalmente al hijo de Gustavo (Jorge A. Jim\u00e9nez), un pastor bien intencionado. Reclamado por el ranger Ram\u00edrez (George L\u00f3pez) decide huir hacia M\u00e9xico en busca de redenci\u00f3n. sin pensar que se ha metido en la boca de lobo.<\/p>\n\n\n\n<p>Se trata de la d\u00e9cimo cuarta cinta del director de \u201cLa vida es un rodeo\u201d, que a ratos tiene incongruencias como la de que un vaquero gringo sea contratado para paliar esti\u00e9rcol o que un ranger act\u00fae en M\u00e9xico como en su casa.<\/p>\n\n\n\n<p>A cambio hay buenas actuaciones de talentosas actrices nacionales como Ofelia Medina, Esmeralda Pimentel y Tiar\u00e9 Scanda.<\/p>\n\n\n\n<p>\u201cNo man\u2019s land\u201d, resulta pues un filme bien intencionado, no del todo logrado, que presenta un lado humano de la migraci\u00f3n y que aboga por la justicia.&nbsp;&nbsp;&nbsp;<\/p>\n","protected":false},"excerpt":{"rendered":"<p>CINE DE MA\u00d1ANA A \u00faltimas fechas han proliferado las cintas acerca de los migrantes y los coyotes. \u201cAl l\u00edmite de la venganza\u201d, de Conor Allyn, a cuya premier nos invitaron los buenos amigos de Cin\u00e9polis, ofrece una interesante variante. De acuerdo al gui\u00f3n de Jake Allyn y David Barraza. Jackson (el propio Allyn) es un [&hellip;]<\/p>\n","protected":false},"author":96,"featured_media":208284,"comment_status":"closed","ping_status":"closed","sticky":false,"template":"","format":"standard","meta":{"footnotes":""},"categories":[41,54,42],"tags":[],"class_list":["post-208283","post","type-post","status-publish","format-standard","has-post-thumbnail","hentry","category-arteria-cultural","category-jorge-carrasco","category-nuestrapalabra"],"_links":{"self":[{"href":"https:\/\/plazajuarez.mx\/historico\/wp-json\/wp\/v2\/posts\/208283","targetHints":{"allow":["GET"]}}],"collection":[{"href":"https:\/\/plazajuarez.mx\/historico\/wp-json\/wp\/v2\/posts"}],"about":[{"href":"https:\/\/plazajuarez.mx\/historico\/wp-json\/wp\/v2\/types\/post"}],"author":[{"embeddable":true,"href":"https:\/\/plazajuarez.mx\/historico\/wp-json\/wp\/v2\/users\/96"}],"replies":[{"embeddable":true,"href":"https:\/\/plazajuarez.mx\/historico\/wp-json\/wp\/v2\/comments?post=208283"}],"version-history":[{"count":0,"href":"https:\/\/plazajuarez.mx\/historico\/wp-json\/wp\/v2\/posts\/208283\/revisions"}],"wp:featuredmedia":[{"embeddable":true,"href":"https:\/\/plazajuarez.mx\/historico\/wp-json\/wp\/v2\/media\/208284"}],"wp:attachment":[{"href":"https:\/\/plazajuarez.mx\/historico\/wp-json\/wp\/v2\/media?parent=208283"}],"wp:term":[{"taxonomy":"category","embeddable":true,"href":"https:\/\/plazajuarez.mx\/historico\/wp-json\/wp\/v2\/categories?post=208283"},{"taxonomy":"post_tag","embeddable":true,"href":"https:\/\/plazajuarez.mx\/historico\/wp-json\/wp\/v2\/tags?post=208283"}],"curies":[{"name":"wp","href":"https:\/\/api.w.org\/{rel}","templated":true}]}}