{"id":20826,"date":"2016-05-08T16:34:33","date_gmt":"2016-05-08T16:34:33","guid":{"rendered":"http:\/\/plazajuarez.mx\/index\/index.php\/2016\/05\/08\/todo-crimen-deja-rastros-javier-sinay\/"},"modified":"2016-05-08T16:34:33","modified_gmt":"2016-05-08T16:34:33","slug":"todo-crimen-deja-rastros-javier-sinay","status":"publish","type":"post","link":"https:\/\/plazajuarez.mx\/historico\/todo-crimen-deja-rastros-javier-sinay\/","title":{"rendered":"Todo crimen deja rastros: Javier Sinay"},"content":{"rendered":"<p>CR\u00d3NICA DE 22 ASESINATOS <\/p>\n<ul>\n<li>El periodista rastre\u00f3 durante cinco a\u00f1os una serie de cr\u00edmenes contra la comunidad jud\u00eda en la provincia argentina de Santa Fe <!--more--> <\/li>\n<\/ul>\n<p>Todo asesinato deja rastros simb\u00f3licos y culturales de la sociedad en donde ocurre. Bajo esta idea como punto de partida, el periodista Javier Sinay (Buenos Aires, 1980) rastre\u00f3 durante cinco a\u00f1os una serie de cr\u00edmenes contra la comunidad jud\u00eda en la provincia argentina de Santa Fe. El resultado fue el libro \u201cLos cr\u00edmenes de Mois\u00e9s Ville\u201d (Tusquets, 2016), donde recoge parte de la memoria de la inmigraci\u00f3n ocurrida entre la d\u00e9cada de 1860 y 1910, pero tambi\u00e9n la historia de la integraci\u00f3n multicultural de ese pa\u00eds sudamericano.<\/p>\n<p>A lo largo de 300 p\u00e1ginas, esta cr\u00f3nica expone los 22 asesinatos de inmigrantes jud\u00edos, todos ellos provenientes de Europa Oriental, durante la segunda mitad del siglo XIX. Con la gu\u00eda de un reportaje publicado por su bisabuelo en 1947 en un diario de la comunidad jud\u00eda, Sinay recogi\u00f3 testimonios de algunos descendientes de las v\u00edctimas y descifr\u00f3 las historias que aguardaban por ser contadas en los archivos de las asociaciones jud\u00edas de este pa\u00eds.<\/p>\n<p>\u201cSobre esos 22 homicidios yo no ten\u00eda informaci\u00f3n de todos, s\u00f3lo de 10. Ten\u00eda que reconstruir cada cap\u00edtulo en torno a un crimen y cada uno de esos cr\u00edmenes me ten\u00eda que servir para explicar una situaci\u00f3n de la historia\u201d, cuenta en entrevista.<\/p>\n<p>De este modo, mientras conocemos la muerte de Ziml Zeivick, primero de esta serie de homicidios ocurrido en julio de 1889 y que fue precedido por el primer encuentro violento entre un par de gauchos que a partir de un malentendido intentaron llevarse a una de las mujeres de la comunidad jud\u00eda, nos enteramos tambi\u00e9n del recorrido que protagoniz\u00f3 el grupo fundador de la colonia Mois\u00e9s Ville desde los puertos del Mar B\u00e1ltico hasta Buenos Aires, a donde llegaron en agosto de 1889.<\/p>\n<p>La obra de Alberto Gerchunoff, escritor y periodista argentino de origen ruso, quien public\u00f3 en 1910 el libro \u201cLos gauchos jud\u00edos\u201d, fue una de las obras referentes para esta investigaci\u00f3n, pues fue uno de los primeros acercamientos a la historia de esta comunidad, y que al paso de las d\u00e9cadas se convirti\u00f3 en un referente para entender el periplo y asimilaci\u00f3n austral de los jud\u00edos.<\/p>\n<p>EL RESULTADO FUE EL LIBRO \u201cLOS CR\u00cdMENES DE MOIS\u00c9S VILLE\u201d (TUSQUETS, 2016), DONDE RECOGE PARTE DE LA MEMORIA DE LA INMIGRACI\u00d3N OCURRIDA ENTRE LA D\u00c9CADA DE 1860 Y 1910<\/p>\n","protected":false},"excerpt":{"rendered":"<p>CR\u00d3NICA DE 22 ASESINATOS El periodista rastre\u00f3 durante cinco a\u00f1os una serie de cr\u00edmenes contra la comunidad jud\u00eda en la provincia argentina de Santa Fe<\/p>\n","protected":false},"author":93,"featured_media":0,"comment_status":"open","ping_status":"open","sticky":false,"template":"","format":"standard","meta":{"footnotes":""},"categories":[41],"tags":[],"class_list":["post-20826","post","type-post","status-publish","format-standard","hentry","category-arteria-cultural"],"_links":{"self":[{"href":"https:\/\/plazajuarez.mx\/historico\/wp-json\/wp\/v2\/posts\/20826","targetHints":{"allow":["GET"]}}],"collection":[{"href":"https:\/\/plazajuarez.mx\/historico\/wp-json\/wp\/v2\/posts"}],"about":[{"href":"https:\/\/plazajuarez.mx\/historico\/wp-json\/wp\/v2\/types\/post"}],"author":[{"embeddable":true,"href":"https:\/\/plazajuarez.mx\/historico\/wp-json\/wp\/v2\/users\/93"}],"replies":[{"embeddable":true,"href":"https:\/\/plazajuarez.mx\/historico\/wp-json\/wp\/v2\/comments?post=20826"}],"version-history":[{"count":0,"href":"https:\/\/plazajuarez.mx\/historico\/wp-json\/wp\/v2\/posts\/20826\/revisions"}],"wp:attachment":[{"href":"https:\/\/plazajuarez.mx\/historico\/wp-json\/wp\/v2\/media?parent=20826"}],"wp:term":[{"taxonomy":"category","embeddable":true,"href":"https:\/\/plazajuarez.mx\/historico\/wp-json\/wp\/v2\/categories?post=20826"},{"taxonomy":"post_tag","embeddable":true,"href":"https:\/\/plazajuarez.mx\/historico\/wp-json\/wp\/v2\/tags?post=20826"}],"curies":[{"name":"wp","href":"https:\/\/api.w.org\/{rel}","templated":true}]}}