{"id":20825,"date":"2016-05-08T16:32:18","date_gmt":"2016-05-08T16:32:18","guid":{"rendered":"http:\/\/plazajuarez.mx\/index\/index.php\/2016\/05\/08\/coro-de-la-unam-se-presentara-en-alemania-gira-sera-del-24-de-mayo-al-20-de-junio\/"},"modified":"2016-05-08T16:32:18","modified_gmt":"2016-05-08T16:32:18","slug":"coro-de-la-unam-se-presentara-en-alemania-gira-sera-del-24-de-mayo-al-20-de-junio","status":"publish","type":"post","link":"https:\/\/plazajuarez.mx\/historico\/coro-de-la-unam-se-presentara-en-alemania-gira-sera-del-24-de-mayo-al-20-de-junio\/","title":{"rendered":"CORO DE LA UNAM SE PRESENTAR\u00c1 EN ALEMANIA; GIRA SER\u00c1 DEL 24 DE MAYO AL 20 DE JUNIO"},"content":{"rendered":"<p>A\u00d1O DUAL M\u00c9XICO-ALEMANIA\u00a0\u00a0\u00a0 <br \/>\u00b7\u00a0\u00a0\u00a0\u00a0\u00a0\u00a0\u00a0 El fundador y director de la agrupaci\u00f3n, Marco Antonio Ugalde, asegura que la propuesta de Staccato sigue los principios de vanguardia de la Universidad Nacional<\/p>\n<p>  <!--more-->  <\/p>\n<p>\u00a0<br \/>Staccato, el coro de c\u00e1mara de la UNAM que se ha presentado en distintos festivales y foros internacionales, se presentar\u00e1 el 14 de mayo en el Colegio de San Ildefonso, antes de una gira por Alemania. <br \/>El fundador y director de la agrupaci\u00f3n, Marco Antonio Ugalde, asegura que la propuesta de Staccato sigue los principios de vanguardia de la Universidad Nacional. <br \/>\u201cLo fund\u00e9 hace 10 a\u00f1os con estudiantes, con el objetivo de reunir a j\u00f3venes de cualquier carrera, con alto nivel musical; la aspiraci\u00f3n fue siempre contar con un coro de buen nivel. En todo este tiempo hemos cumplido con ese prop\u00f3sito\u201d, dice en entrevista. <br \/>El coro que ofrece un repertorio con un \u00e9nfasis en la m\u00fasica del siglo XX, participa de manera continua en actividades culturales y acad\u00e9micas de la UNAM y otras universidades e instituciones. <br \/>\u201cTenemos bastante actividad en la UNAM, en la Ciudad de M\u00e9xico y en provincia. Hemos hecho cuatro giras internacionales y hemos participado en concursos internacionales con buenos resultados\u201d.<\/p>\n","protected":false},"excerpt":{"rendered":"<p>A\u00d1O DUAL M\u00c9XICO-ALEMANIA\u00a0\u00a0\u00a0 \u00b7\u00a0\u00a0\u00a0\u00a0\u00a0\u00a0\u00a0 El fundador y director de la agrupaci\u00f3n, Marco Antonio Ugalde, asegura que la propuesta de Staccato sigue los principios de vanguardia de la Universidad Nacional<\/p>\n","protected":false},"author":93,"featured_media":0,"comment_status":"open","ping_status":"open","sticky":false,"template":"","format":"standard","meta":{"footnotes":""},"categories":[41],"tags":[],"class_list":["post-20825","post","type-post","status-publish","format-standard","hentry","category-arteria-cultural"],"_links":{"self":[{"href":"https:\/\/plazajuarez.mx\/historico\/wp-json\/wp\/v2\/posts\/20825","targetHints":{"allow":["GET"]}}],"collection":[{"href":"https:\/\/plazajuarez.mx\/historico\/wp-json\/wp\/v2\/posts"}],"about":[{"href":"https:\/\/plazajuarez.mx\/historico\/wp-json\/wp\/v2\/types\/post"}],"author":[{"embeddable":true,"href":"https:\/\/plazajuarez.mx\/historico\/wp-json\/wp\/v2\/users\/93"}],"replies":[{"embeddable":true,"href":"https:\/\/plazajuarez.mx\/historico\/wp-json\/wp\/v2\/comments?post=20825"}],"version-history":[{"count":0,"href":"https:\/\/plazajuarez.mx\/historico\/wp-json\/wp\/v2\/posts\/20825\/revisions"}],"wp:attachment":[{"href":"https:\/\/plazajuarez.mx\/historico\/wp-json\/wp\/v2\/media?parent=20825"}],"wp:term":[{"taxonomy":"category","embeddable":true,"href":"https:\/\/plazajuarez.mx\/historico\/wp-json\/wp\/v2\/categories?post=20825"},{"taxonomy":"post_tag","embeddable":true,"href":"https:\/\/plazajuarez.mx\/historico\/wp-json\/wp\/v2\/tags?post=20825"}],"curies":[{"name":"wp","href":"https:\/\/api.w.org\/{rel}","templated":true}]}}