{"id":20824,"date":"2016-05-08T16:29:20","date_gmt":"2016-05-08T16:29:20","guid":{"rendered":"http:\/\/plazajuarez.mx\/index\/index.php\/2016\/05\/08\/un-siglo-de-historia-mexicana-lista-para-atacar-cannes\/"},"modified":"2016-05-08T16:29:20","modified_gmt":"2016-05-08T16:29:20","slug":"un-siglo-de-historia-mexicana-lista-para-atacar-cannes","status":"publish","type":"post","link":"https:\/\/plazajuarez.mx\/historico\/un-siglo-de-historia-mexicana-lista-para-atacar-cannes\/","title":{"rendered":"Un siglo de historia mexicana, lista para atacar Cannes"},"content":{"rendered":"<p>LARGOMETRAJE CONFORMADO POR VARIAS HISTORIAS\u00a0 <br \/>\u00b7\u00a0\u00a0\u00a0\u00a0\u00a0\u00a0\u00a0 Trabajo de ocho directores mexicanos, una actriz japonesa, as\u00ed como otra francesa<\/p>\n<p>  <!--more-->  <\/p>\n<p>El trabajo de ocho directores mexicanos, una actriz japonesa (Memorias de una geisha), as\u00ed como otra francesa (La doble vida de Ver\u00f3nica), ser\u00e1 visto por al menos medio centenar de compradores mundiales, en Cannes. <br \/>La habitaci\u00f3n, proyecto que re\u00fane a cineastas como Carlos Carrera, Carlos Bolado y Natalia Beristain, tiene en su elenco a la oriental Kaori Momoi y la gala Irene Jacob. <br \/>El 15 de mayo, en pleno festival de cine, se exhibir\u00e1n los primeros 20 minutos del largometraje conformado por varias historias, tras casi un sexenio de trabajo. <br \/>La habitaci\u00f3n se ubica en el interior de un departamento, donde sus habitantes pasan por distintas d\u00e9cadas, arrancando en 1910 y concluyendo cien a\u00f1os despu\u00e9s. <br \/>En sus historias se ver\u00e1n cosas como el levantamiento armado, la persecuci\u00f3n china (donde act\u00faa Momoi), el nacimiento del PRI (con Jacob) y el terremoto de 1985. <br \/>\u201cLa primera vez que se entr\u00f3 en algo fue para la convocatoria del bicentenario (2009), no qued\u00f3 y luego se filmaron cinco historias en 2014 y las otras tres, el a\u00f1o pasado, ahora por fin se ver\u00e1 algo\u201d, se\u00f1ala Edher Campos, productor. <br \/>El tambi\u00e9n generador de las exitosas A\u00f1o bisiesto y La jaula de oro, estar\u00e1 en Cannes. <br \/>Su presencia en la ciudad francesa se debe a la plataforma Los Cabos Goes to Cannes, del Festival Internacional de Cine de Los Cabos que, en alianza con el March\u00e9 du Film del Festival de Cannes, el mercado de cine m\u00e1s importante a nivel internacional, presentar\u00e1 cuatro pel\u00edculas mexicanas en etapa de postproducci\u00f3n.<\/p>\n","protected":false},"excerpt":{"rendered":"<p>LARGOMETRAJE CONFORMADO POR VARIAS HISTORIAS\u00a0 \u00b7\u00a0\u00a0\u00a0\u00a0\u00a0\u00a0\u00a0 Trabajo de ocho directores mexicanos, una actriz japonesa, as\u00ed como otra francesa<\/p>\n","protected":false},"author":93,"featured_media":0,"comment_status":"open","ping_status":"open","sticky":false,"template":"","format":"standard","meta":{"footnotes":""},"categories":[38],"tags":[],"class_list":["post-20824","post","type-post","status-publish","format-standard","hentry","category-show"],"_links":{"self":[{"href":"https:\/\/plazajuarez.mx\/historico\/wp-json\/wp\/v2\/posts\/20824","targetHints":{"allow":["GET"]}}],"collection":[{"href":"https:\/\/plazajuarez.mx\/historico\/wp-json\/wp\/v2\/posts"}],"about":[{"href":"https:\/\/plazajuarez.mx\/historico\/wp-json\/wp\/v2\/types\/post"}],"author":[{"embeddable":true,"href":"https:\/\/plazajuarez.mx\/historico\/wp-json\/wp\/v2\/users\/93"}],"replies":[{"embeddable":true,"href":"https:\/\/plazajuarez.mx\/historico\/wp-json\/wp\/v2\/comments?post=20824"}],"version-history":[{"count":0,"href":"https:\/\/plazajuarez.mx\/historico\/wp-json\/wp\/v2\/posts\/20824\/revisions"}],"wp:attachment":[{"href":"https:\/\/plazajuarez.mx\/historico\/wp-json\/wp\/v2\/media?parent=20824"}],"wp:term":[{"taxonomy":"category","embeddable":true,"href":"https:\/\/plazajuarez.mx\/historico\/wp-json\/wp\/v2\/categories?post=20824"},{"taxonomy":"post_tag","embeddable":true,"href":"https:\/\/plazajuarez.mx\/historico\/wp-json\/wp\/v2\/tags?post=20824"}],"curies":[{"name":"wp","href":"https:\/\/api.w.org\/{rel}","templated":true}]}}