{"id":208214,"date":"2022-03-19T08:40:09","date_gmt":"2022-03-19T14:40:09","guid":{"rendered":"https:\/\/plazajuarez.mx\/?p=208214"},"modified":"2022-03-19T08:40:17","modified_gmt":"2022-03-19T14:40:17","slug":"traduciran-propaganda-politica-a-lenguas-indigenas","status":"publish","type":"post","link":"https:\/\/plazajuarez.mx\/historico\/traduciran-propaganda-politica-a-lenguas-indigenas\/","title":{"rendered":"Traducir\u00e1n propaganda\u00a0pol\u00edtica a lenguas ind\u00edgenas"},"content":{"rendered":"\n<p>El Instituto Estatal Electoral de Hidalgo (IEEH) se\u00f1al\u00f3 que la propaganda pol\u00edtica que se utilice en las pr\u00f3ximas campa\u00f1as deber\u00e1 estar traducida a las lenguas ind\u00edgenas, con el objetivo de reducir la desigualdad y contribuir a subsanar la deuda hist\u00f3rica que se tiene con el sector en Hidalgo.&nbsp;<\/p>\n\n\n\n<p>Al respecto, la consejera presidenta provisional, Ariadna Gonz\u00e1lez Morales, apunt\u00f3 que la acci\u00f3n afirmativa aprobada es \u201c\u00fanica en el pa\u00eds\u201d y asever\u00f3 que el objetivo principal es la de \u201cderribar las barreras del lenguaje a trav\u00e9s del mecanismo de traducci\u00f3n e interpretaci\u00f3n en las lenguas maternas predominantes en la entidad\u201d.<\/p>\n\n\n\n<p>Reconoci\u00f3 a las representaciones de los partidos pol\u00edticos que respaldaron la propuesta desde el inicio del proyecto, y adelant\u00f3 que esto permitir\u00e1 ejercer el derecho al voto informado en un marco de igualdad y m\u00e1s incluyente, adem\u00e1s de que se difundir\u00e1 en plataformas electorales.<\/p>\n\n\n\n<p>Cit\u00f3 que se ha detectado que de cada 100 personas de m\u00e1s de tres a\u00f1os que hablan alguna lengua ind\u00edgena, 12 no hablan espa\u00f1ol, lo que se traduce en que en Hidalgo existen 43 mil 515 personas monoling\u00fces.<\/p>\n\n\n\n<p>Se\u00f1al\u00f3 que de acuerdo al Inegi, 13 municipios hidalguenses tienen m\u00e1s del 40 por ciento de hablantes de lenguas ind\u00edgenas: Xochiatipan, Yahualica, Huazalingo, Jaltoc\u00e1n, Atlapexco, Huautla, Cardonal, San Felipe Orizatl\u00e1n, Nicol\u00e1s Flores, Huejutla de Reyes, Huehuetla, Tlanchinol y Santiago de Anaya.<\/p>\n","protected":false},"excerpt":{"rendered":"<p>El Instituto Estatal Electoral de Hidalgo (IEEH) se\u00f1al\u00f3 que la propaganda pol\u00edtica que se utilice en las pr\u00f3ximas campa\u00f1as deber\u00e1 estar traducida a las lenguas ind\u00edgenas, con el objetivo de reducir la desigualdad y contribuir a subsanar la deuda hist\u00f3rica que se tiene con el sector en Hidalgo.&nbsp; Al respecto, la consejera presidenta provisional, Ariadna [&hellip;]<\/p>\n","protected":false},"author":72,"featured_media":208216,"comment_status":"closed","ping_status":"closed","sticky":false,"template":"","format":"standard","meta":{"footnotes":""},"categories":[15,59],"tags":[126,2305],"class_list":["post-208214","post","type-post","status-publish","format-standard","has-post-thumbnail","hentry","category-destacadas","category-general","tag-hidalgo","tag-lenguas-indigenas"],"_links":{"self":[{"href":"https:\/\/plazajuarez.mx\/historico\/wp-json\/wp\/v2\/posts\/208214","targetHints":{"allow":["GET"]}}],"collection":[{"href":"https:\/\/plazajuarez.mx\/historico\/wp-json\/wp\/v2\/posts"}],"about":[{"href":"https:\/\/plazajuarez.mx\/historico\/wp-json\/wp\/v2\/types\/post"}],"author":[{"embeddable":true,"href":"https:\/\/plazajuarez.mx\/historico\/wp-json\/wp\/v2\/users\/72"}],"replies":[{"embeddable":true,"href":"https:\/\/plazajuarez.mx\/historico\/wp-json\/wp\/v2\/comments?post=208214"}],"version-history":[{"count":0,"href":"https:\/\/plazajuarez.mx\/historico\/wp-json\/wp\/v2\/posts\/208214\/revisions"}],"wp:featuredmedia":[{"embeddable":true,"href":"https:\/\/plazajuarez.mx\/historico\/wp-json\/wp\/v2\/media\/208216"}],"wp:attachment":[{"href":"https:\/\/plazajuarez.mx\/historico\/wp-json\/wp\/v2\/media?parent=208214"}],"wp:term":[{"taxonomy":"category","embeddable":true,"href":"https:\/\/plazajuarez.mx\/historico\/wp-json\/wp\/v2\/categories?post=208214"},{"taxonomy":"post_tag","embeddable":true,"href":"https:\/\/plazajuarez.mx\/historico\/wp-json\/wp\/v2\/tags?post=208214"}],"curies":[{"name":"wp","href":"https:\/\/api.w.org\/{rel}","templated":true}]}}