{"id":20821,"date":"2016-05-08T16:27:25","date_gmt":"2016-05-08T16:27:25","guid":{"rendered":"http:\/\/plazajuarez.mx\/index\/index.php\/2016\/05\/08\/me-apagaban-el-microfono-en-las-spice-girls-beckham\/"},"modified":"2016-05-08T16:27:25","modified_gmt":"2016-05-08T16:27:25","slug":"me-apagaban-el-microfono-en-las-spice-girls-beckham","status":"publish","type":"post","link":"https:\/\/plazajuarez.mx\/historico\/me-apagaban-el-microfono-en-las-spice-girls-beckham\/","title":{"rendered":"ME APAGABAN EL MICR\u00d3FONO EN LAS SPICE GIRLS: BECKHAM"},"content":{"rendered":"<p>REVELACIONES\u00a0<\/p>\n<p>  <!--more-->  <\/p>\n<p>La semana pasada, el ex m\u00e1nager de Victoria Beckham durante su estancia con las Spice Girls declar\u00f3 que la ahora dise\u00f1adora de modas \u201cnunca se sinti\u00f3 realmente a gusto\u201d con la popular agrupaci\u00f3n brit\u00e1nica. <br \/>Y ahora fue la otrora \u201cPosh Spice\u201d quien revel\u00f3 un episodio m\u00e1s del trasfondo desfavorable que vivi\u00f3 en esos a\u00f1os de no tan dulce \u00e9xito. <br \/>En declaraciones para la prensa durante una exposici\u00f3n que celebra el centenario de la revista \u201cVogue\u201d en Londres, Beckham confes\u00f3 que durante las presentaciones en vivo los productores sol\u00edan apagar su micr\u00f3fono. <br \/>Ellos \u201cdejaban que las dem\u00e1s cantaran\u201d, dijo la brit\u00e1nica de 42 a\u00f1os y remat\u00f3 contundente: \u201cAhora mi micr\u00f3fono est\u00e1 bien y finalmente encendido de verdad\u201d. <br \/>Estas recientes declaraciones sobre la incomodidad de Victoria en la industria de la m\u00fasica enturbian el \u00fanico panorama que los fans de la Spice Girls esperan vislumbrar por el 20 aniversario del grupo: el reencuentro. <br \/>De hecho, la misma Victoria hab\u00eda dicho en enero pasado que ya le hab\u00eda dado la vuelta a la p\u00e1gina de las Spice Girls y que no estaba en sus planes volver a cantar junto a la banda de los 90.<\/p>\n","protected":false},"excerpt":{"rendered":"<p>REVELACIONES\u00a0<\/p>\n","protected":false},"author":93,"featured_media":0,"comment_status":"open","ping_status":"open","sticky":false,"template":"","format":"standard","meta":{"footnotes":""},"categories":[38],"tags":[],"class_list":["post-20821","post","type-post","status-publish","format-standard","hentry","category-show"],"_links":{"self":[{"href":"https:\/\/plazajuarez.mx\/historico\/wp-json\/wp\/v2\/posts\/20821","targetHints":{"allow":["GET"]}}],"collection":[{"href":"https:\/\/plazajuarez.mx\/historico\/wp-json\/wp\/v2\/posts"}],"about":[{"href":"https:\/\/plazajuarez.mx\/historico\/wp-json\/wp\/v2\/types\/post"}],"author":[{"embeddable":true,"href":"https:\/\/plazajuarez.mx\/historico\/wp-json\/wp\/v2\/users\/93"}],"replies":[{"embeddable":true,"href":"https:\/\/plazajuarez.mx\/historico\/wp-json\/wp\/v2\/comments?post=20821"}],"version-history":[{"count":0,"href":"https:\/\/plazajuarez.mx\/historico\/wp-json\/wp\/v2\/posts\/20821\/revisions"}],"wp:attachment":[{"href":"https:\/\/plazajuarez.mx\/historico\/wp-json\/wp\/v2\/media?parent=20821"}],"wp:term":[{"taxonomy":"category","embeddable":true,"href":"https:\/\/plazajuarez.mx\/historico\/wp-json\/wp\/v2\/categories?post=20821"},{"taxonomy":"post_tag","embeddable":true,"href":"https:\/\/plazajuarez.mx\/historico\/wp-json\/wp\/v2\/tags?post=20821"}],"curies":[{"name":"wp","href":"https:\/\/api.w.org\/{rel}","templated":true}]}}