{"id":208131,"date":"2022-03-18T10:41:15","date_gmt":"2022-03-18T16:41:15","guid":{"rendered":"https:\/\/plazajuarez.mx\/?p=208131"},"modified":"2022-03-18T10:41:23","modified_gmt":"2022-03-18T16:41:23","slug":"arte","status":"publish","type":"post","link":"https:\/\/plazajuarez.mx\/historico\/arte\/","title":{"rendered":"Berggruen anuncia la creaci\u00f3n de un centro de arte en Venecia"},"content":{"rendered":"\n<p>El fil\u00e1ntropo germano-estadounidense Nicolas Berggruen ha anunciado la creaci\u00f3n del Centro de Arte y Cultura Berggruen, que se instalar\u00e1 en el Palazzo Diedo de Venecia con el prop\u00f3sito de promover trabajos de artistas contempor\u00e1neos.<\/p>\n\n\n\n<p>El edificio hist\u00f3rico, actualmente en restauraci\u00f3n, ser\u00e1 la sede de un programa internacional que tendr\u00e1 actividades tanto en la ciudad italiana como en otras partes del mundo y se a\u00f1adir\u00e1 as\u00ed a la lista de museos y centros de exposiciones de arte contempor\u00e1neo de la ciudad de los canales.<\/p>\n\n\n\n<p>El centro albergar\u00e1 exposiciones, algunas sobre obras de la colecci\u00f3n personal de Nicolas Berggruen, as\u00ed como instalaciones, simposios y un programa de residencias destinadas a fomentar la creaci\u00f3n art\u00edstica en Venecia.<\/p>\n\n\n\n<p>El primer artista en residencia, el artista visual estadounidense Sterling Ruby, presentar\u00e1 A Project in Four Acts, una instalaci\u00f3n de varias partes destinada a animar el sitio durante los trabajos de restauraci\u00f3n y dar a conocer su nueva funci\u00f3n.<\/p>\n\n\n\n<p>La primera fase del proyecto, que comenzar\u00e1 el pr\u00f3ximo 20 de abril, se presentar\u00e1 durante la pr\u00f3xima edici\u00f3n de la Bienal de Venecia y consiste en la realizaci\u00f3n de una estructura en relieve al nivel de la fachada del edificio, visible hasta noviembre de 2022.<\/p>\n\n\n\n<p>Luego Ruby, para acompa\u00f1ar el inicio de las obras de restauraci\u00f3n, entre el final de 2022 y final de la primavera de 2023, presentar\u00e1 dos instalaciones al aire libre que interactuar\u00e1n con la estructura y eventualmente la incluir\u00e1n a medida que evolucione.<\/p>\n\n\n\n<p>El proyecto finalizar\u00e1 con una residencia y exposici\u00f3n en el Palazzo Diedo, parte del programa inaugural del palacio en la primavera de 2024.<\/p>\n\n\n\n<p>La familia Berggruen est\u00e1 estrechamente vinculada a Berl\u00edn, donde el Museo Berggruen aloja la colecci\u00f3n que compr\u00f3 el Estado alem\u00e1n al padre del fil\u00e1ntropo, Heinz, uno de los grandes coleccionistas de arte del siglo XX, con 120 obras de Pablo Picasso, adem\u00e1s de otras de Paul Klee, Henri Matisse y Alberto Giacometti, entre otros.<\/p>\n","protected":false},"excerpt":{"rendered":"<p>El fil\u00e1ntropo germano-estadounidense Nicolas Berggruen ha anunciado la creaci\u00f3n del Centro de Arte y Cultura Berggruen, que se instalar\u00e1 en el Palazzo Diedo de Venecia con el prop\u00f3sito de promover trabajos de artistas contempor\u00e1neos. El edificio hist\u00f3rico, actualmente en restauraci\u00f3n, ser\u00e1 la sede de un programa internacional que tendr\u00e1 actividades tanto en la ciudad italiana [&hellip;]<\/p>\n","protected":false},"author":80,"featured_media":208141,"comment_status":"closed","ping_status":"closed","sticky":false,"template":"","format":"standard","meta":{"footnotes":""},"categories":[41],"tags":[],"class_list":["post-208131","post","type-post","status-publish","format-standard","has-post-thumbnail","hentry","category-arteria-cultural"],"_links":{"self":[{"href":"https:\/\/plazajuarez.mx\/historico\/wp-json\/wp\/v2\/posts\/208131","targetHints":{"allow":["GET"]}}],"collection":[{"href":"https:\/\/plazajuarez.mx\/historico\/wp-json\/wp\/v2\/posts"}],"about":[{"href":"https:\/\/plazajuarez.mx\/historico\/wp-json\/wp\/v2\/types\/post"}],"author":[{"embeddable":true,"href":"https:\/\/plazajuarez.mx\/historico\/wp-json\/wp\/v2\/users\/80"}],"replies":[{"embeddable":true,"href":"https:\/\/plazajuarez.mx\/historico\/wp-json\/wp\/v2\/comments?post=208131"}],"version-history":[{"count":0,"href":"https:\/\/plazajuarez.mx\/historico\/wp-json\/wp\/v2\/posts\/208131\/revisions"}],"wp:featuredmedia":[{"embeddable":true,"href":"https:\/\/plazajuarez.mx\/historico\/wp-json\/wp\/v2\/media\/208141"}],"wp:attachment":[{"href":"https:\/\/plazajuarez.mx\/historico\/wp-json\/wp\/v2\/media?parent=208131"}],"wp:term":[{"taxonomy":"category","embeddable":true,"href":"https:\/\/plazajuarez.mx\/historico\/wp-json\/wp\/v2\/categories?post=208131"},{"taxonomy":"post_tag","embeddable":true,"href":"https:\/\/plazajuarez.mx\/historico\/wp-json\/wp\/v2\/tags?post=208131"}],"curies":[{"name":"wp","href":"https:\/\/api.w.org\/{rel}","templated":true}]}}