{"id":20798,"date":"2016-05-08T16:12:46","date_gmt":"2016-05-08T16:12:46","guid":{"rendered":"http:\/\/plazajuarez.mx\/index\/index.php\/2016\/05\/08\/mayo-gran-cartelera-en-el-ricardo-garibay\/"},"modified":"2016-05-08T16:12:46","modified_gmt":"2016-05-08T16:12:46","slug":"mayo-gran-cartelera-en-el-ricardo-garibay","status":"publish","type":"post","link":"https:\/\/plazajuarez.mx\/historico\/mayo-gran-cartelera-en-el-ricardo-garibay\/","title":{"rendered":"Mayo: gran cartelera en el Ricardo Garibay"},"content":{"rendered":"<p><strong>Tulancingo <\/strong><\/p>\n<ul>\n<li><strong>Habr\u00e1 presentaciones editoriales, inauguraci\u00f3n de exposiciones y el primer encuentro internacional de narradores<\/strong><\/li>\n<\/ul>\n<p>\u00a0<\/p>\n<p>Todas las actividades mencionadas son gratuitas y forman parte de la promoci\u00f3n del arte y la cultura en la ciudad.<\/p>\n<p>  <!--more-->  <\/p>\n<p>\u00a0<\/p>\n<p>Presentaciones editoriales de tres libros, inauguraci\u00f3n de exposiciones y el primer encuentro internacional de narradores forman parte de la cartelera cultural de mayo.<\/p>\n<p>\u00a0<\/p>\n<p>Las actividades mencionadas tendr\u00e1n como sede al Centro Cultural \u201cRicardo Garibay\u201d y se desarrollar\u00e1n bajo la siguiente programaci\u00f3n:<\/p>\n<p>\u00a0<\/p>\n<p>En cuanto a inauguraci\u00f3n de exposiciones est\u00e1 la titulada \u201cT\u00f3tem\u201d del joven artista pl\u00e1stico Alejandro Nahual, el pr\u00f3ximo\u00a0 21 de Mayo a partir de las 18:00 horas en la galer\u00eda B del Centro Cultural \u201cRicardo Garibay\u201d. La Exposici\u00f3n t\u00f3tem consta de lienzos y bocetos de t\u00f3tems a diversas escalas.<\/p>\n<p>\u00a0<\/p>\n<p>No menos importante ser\u00e1 la exhibici\u00f3n de colecci\u00f3n fotogr\u00e1fica\u00a0 del artista visual Paco Alonso, la cual se mostrar\u00e1 en pasillos del Centro Cultural: los espectadores podr\u00e1n observar una colecci\u00f3n de fotograf\u00edas de personas de la tercera edad.<\/p>\n<p>\u00a0<\/p>\n<p>Los pr\u00f3ximos 20 y 21 de mayo se tendr\u00e1 en el Centro Cultural \u201cRicardo Garibay\u201d, el primer encuentro Internacional de Narradores, que contar\u00e1 con la presencia de narradores de Cuba, Colombia y de M\u00e9xico.\u00a0 Este encuentro se lleva a cabo en diferentes sedes de Hidalgo, incluy\u00e9ndose por primera vez al Municipio de Tulancingo.<\/p>\n<p>Como parte de este encuentro, el 20 de mayo se tendr\u00e1 a las 12:30 dos presentaciones simult\u00e1neas de narraciones; una a profesores de educaci\u00f3n b\u00e1sica en Santa Ana Hueytlalpan y otra m\u00e1s a alumnos de bachillerato en la preparatoria Albert Einstein.<\/p>\n<p>\u00a0<\/p>\n<p>El mismo 20 de mayo pero en horario vespertino, presentaci\u00f3n de narraciones en el Centro Cultural \u201cRicardo Garibay\u201d.<\/p>\n<p>\u00a0<\/p>\n<p>El s\u00e1bado 21 de mayo a partir de las 12:00 horas las actividades de narraciones se har\u00e1n extensivas a mujeres del Pol\u00edgono Guadalupe con una presentaci\u00f3n muy especial y posteriormente\u00a0 el programa continuar\u00e1\u00a0 en el foro Ricardo Garibay\u00a0 a partir de las 17:00 horas.<\/p>\n<p>\u00a0<\/p>\n<p>El 23 de mayo ser\u00e1 el turno de la presentaci\u00f3n del libro infantil \u00bfY d\u00f3nde est\u00e1n los calcetines? de Mar\u00eda Elena Ortega y Agust\u00edn Cadena. El evento ser\u00e1 a las 18:00 horas, en el Centro Cultural \u201cRicardo Garibay\u201d.<\/p>\n<p>\u00a0<\/p>\n<p>La segunda presentaci\u00f3n de libro, ser\u00e1 el 27 de Mayo; el autor Erick Cruz compartir\u00e1 su novela titulada \u201cLa octava alma\u201d, en la que fusiona el suspenso con la ciencia ficci\u00f3n.<\/p>\n<p>\u00a0<\/p>\n<p>Esta serie de presentaciones editoriales finalizar\u00e1 el 28 de Mayo (a partir de las 18:00 horas) con\u00a0 la muestra de un\u00a0 cat\u00e1logo de fotoperiodismo en Hidalgo; es una compilaci\u00f3n coordinada por Tania Monroy Estrada en donde se plasma el trabajo y quehacer de los periodistas hidalguenses.<\/p>\n","protected":false},"excerpt":{"rendered":"<p>Tulancingo Habr\u00e1 presentaciones editoriales, inauguraci\u00f3n de exposiciones y el primer encuentro internacional de narradores \u00a0 Todas las actividades mencionadas son gratuitas y forman parte de la promoci\u00f3n del arte y la cultura en la ciudad.<\/p>\n","protected":false},"author":93,"featured_media":0,"comment_status":"open","ping_status":"open","sticky":false,"template":"","format":"standard","meta":{"footnotes":""},"categories":[40],"tags":[],"class_list":["post-20798","post","type-post","status-publish","format-standard","hentry","category-region"],"_links":{"self":[{"href":"https:\/\/plazajuarez.mx\/historico\/wp-json\/wp\/v2\/posts\/20798","targetHints":{"allow":["GET"]}}],"collection":[{"href":"https:\/\/plazajuarez.mx\/historico\/wp-json\/wp\/v2\/posts"}],"about":[{"href":"https:\/\/plazajuarez.mx\/historico\/wp-json\/wp\/v2\/types\/post"}],"author":[{"embeddable":true,"href":"https:\/\/plazajuarez.mx\/historico\/wp-json\/wp\/v2\/users\/93"}],"replies":[{"embeddable":true,"href":"https:\/\/plazajuarez.mx\/historico\/wp-json\/wp\/v2\/comments?post=20798"}],"version-history":[{"count":0,"href":"https:\/\/plazajuarez.mx\/historico\/wp-json\/wp\/v2\/posts\/20798\/revisions"}],"wp:attachment":[{"href":"https:\/\/plazajuarez.mx\/historico\/wp-json\/wp\/v2\/media?parent=20798"}],"wp:term":[{"taxonomy":"category","embeddable":true,"href":"https:\/\/plazajuarez.mx\/historico\/wp-json\/wp\/v2\/categories?post=20798"},{"taxonomy":"post_tag","embeddable":true,"href":"https:\/\/plazajuarez.mx\/historico\/wp-json\/wp\/v2\/tags?post=20798"}],"curies":[{"name":"wp","href":"https:\/\/api.w.org\/{rel}","templated":true}]}}