{"id":20795,"date":"2016-05-08T16:12:48","date_gmt":"2016-05-08T16:12:48","guid":{"rendered":"http:\/\/plazajuarez.mx\/index\/index.php\/2016\/05\/08\/reestablecen-alumbrado-de-bulevar-huapalcalli\/"},"modified":"2016-05-08T16:12:48","modified_gmt":"2016-05-08T16:12:48","slug":"reestablecen-alumbrado-de-bulevar-huapalcalli","status":"publish","type":"post","link":"https:\/\/plazajuarez.mx\/historico\/reestablecen-alumbrado-de-bulevar-huapalcalli\/","title":{"rendered":"Reestablecen alumbrado de Bulevar Huapalcalli"},"content":{"rendered":"<p><strong>Tulancingo<\/strong><\/p>\n<p>  <!--more-->  <\/p>\n<p>\u00a0<\/p>\n<p>Arturo Roldan Vivanco, secretario de Servicios\u00a0 Municipales inform\u00f3 en la semana que a m\u00e1s tardar hoy domingo quedar\u00eda restablecido el alumbrado del Bulevar Huapalcalli.<\/p>\n<p>\u00a0<\/p>\n<p>El origen de este apag\u00f3n se deriv\u00f3 en fallas en 3 contactores, los cuales fueron afectados por sobre carga de energ\u00eda; la sustituci\u00f3n de estas piezas implic\u00f3 inversi\u00f3n municipal de 15 mil pesos.<\/p>\n<p>\u00a0<\/p>\n<p>El pasado jueves se colocaron los primeros dos contactores y el viernes se instal\u00f3 uno m\u00e1s; para posteriormente dar paso a una fase de prueba para activar los mecanismos de encendido.<\/p>\n<p>\u00a0<\/p>\n<p>Con esta reactivaci\u00f3n de alumbrado se generar\u00e1 beneficio a m\u00e1s de 10 mil habitantes; especialmente\u00a0 vecinos, conductores y transe\u00fantes\u00a0 que\u00a0 se movilizan en la zona.<\/p>\n<p>\u00a0<\/p>\n<p>En este caso \u00fanicamente el da\u00f1o se registr\u00f3 en los componentes electromec\u00e1nicos, en cableado\u00a0 no hay mayor problema, ya que es completamente nuevo\u00a0 y es a base de aluminio para evitar su sustracci\u00f3n.<\/p>\n<p>\u00a0<\/p>\n<p>Roldan Vivanco record\u00f3 que, el Bulevar Huapalcalli est\u00e1 incluido a\u00a0 los puntos\u00a0 de mantenimiento peri\u00f3dico institucional.<\/p>\n","protected":false},"excerpt":{"rendered":"<p>Tulancingo<\/p>\n","protected":false},"author":93,"featured_media":0,"comment_status":"open","ping_status":"open","sticky":false,"template":"","format":"standard","meta":{"footnotes":""},"categories":[40],"tags":[],"class_list":["post-20795","post","type-post","status-publish","format-standard","hentry","category-region"],"_links":{"self":[{"href":"https:\/\/plazajuarez.mx\/historico\/wp-json\/wp\/v2\/posts\/20795","targetHints":{"allow":["GET"]}}],"collection":[{"href":"https:\/\/plazajuarez.mx\/historico\/wp-json\/wp\/v2\/posts"}],"about":[{"href":"https:\/\/plazajuarez.mx\/historico\/wp-json\/wp\/v2\/types\/post"}],"author":[{"embeddable":true,"href":"https:\/\/plazajuarez.mx\/historico\/wp-json\/wp\/v2\/users\/93"}],"replies":[{"embeddable":true,"href":"https:\/\/plazajuarez.mx\/historico\/wp-json\/wp\/v2\/comments?post=20795"}],"version-history":[{"count":0,"href":"https:\/\/plazajuarez.mx\/historico\/wp-json\/wp\/v2\/posts\/20795\/revisions"}],"wp:attachment":[{"href":"https:\/\/plazajuarez.mx\/historico\/wp-json\/wp\/v2\/media?parent=20795"}],"wp:term":[{"taxonomy":"category","embeddable":true,"href":"https:\/\/plazajuarez.mx\/historico\/wp-json\/wp\/v2\/categories?post=20795"},{"taxonomy":"post_tag","embeddable":true,"href":"https:\/\/plazajuarez.mx\/historico\/wp-json\/wp\/v2\/tags?post=20795"}],"curies":[{"name":"wp","href":"https:\/\/api.w.org\/{rel}","templated":true}]}}