{"id":20792,"date":"2016-05-08T16:08:25","date_gmt":"2016-05-08T16:08:25","guid":{"rendered":"http:\/\/plazajuarez.mx\/index\/index.php\/2016\/05\/08\/julio-menchaca-participara-en-paneles-empresariales-y-educativos\/"},"modified":"2016-05-08T16:08:25","modified_gmt":"2016-05-08T16:08:25","slug":"julio-menchaca-participara-en-paneles-empresariales-y-educativos","status":"publish","type":"post","link":"https:\/\/plazajuarez.mx\/historico\/julio-menchaca-participara-en-paneles-empresariales-y-educativos\/","title":{"rendered":"Julio Menchaca participar\u00e1 en paneles empresariales y educativos"},"content":{"rendered":"<p>Se reuni\u00f3 con j\u00f3venes<\/p>\n<p>Tendr\u00e1 App para conocer las demandas de los ciudadanos<\/p>\n<p>  <!--more-->  <\/p>\n<p>\u00a0<\/p>\n<p>El candidato Independiente a la presidencia municipal de Pachuca, Julio Menchaca Salazar, estar\u00e1 participando en las pr\u00f3ximas semanas en diversas reuniones tanto con estudiantes como con empresarios, donde dar\u00e1 a conocer su plataforma de trabajo en caso de ganar la alcald\u00eda.<\/p>\n<p>Asegur\u00f3 que dichas reuniones sirven de plataforma para dar a conocer las propuestas de trabajo de todos los candidatos\u00a0 y que los presentes conozcan mejor qui\u00e9n los representar\u00e1, \u201cnosotros solicitamos a todas las instituciones de educaci\u00f3n superior y los organismos empresariales tener la oportunidad de dialogar con ellos y presentarles nuestra plataforma\u201d.<\/p>\n<p>A\u00f1adi\u00f3 que en las \u00faltimas semanas de campa\u00f1a se reunir\u00e1 con el Consejo Coordinador Empresarial de Hidalgo (CCEH), estudiante de la Universidad La Salle y con la Confederaci\u00f3n Patronal de la Rep\u00fablica Mexicana (Coparmex) de Pachuca, en donde tambi\u00e9n estar\u00e1n presentes sus contendientes.<\/p>\n<p>Sin embargo, dijo que para el debate solicitado ante el Instituto Estatal Electoral de Hidalgo (IEEH), expresar\u00e1 la visi\u00f3n y las propuestas como candidato independiente, adem\u00e1s de las problem\u00e1ticas que enfrenta el municipio y c\u00f3mo resolverlas, \u201ces el primer debate en la historia que se realizar\u00e1 para candidatos a alcald\u00edas organizado por el IEEH\u201d.<\/p>\n<p>Durante una reuni\u00f3n que sostuvo Julio Menchaca con j\u00f3venes estudiantes, anunci\u00f3 la Aplicaci\u00f3n digital que pondr\u00e1 en marcha con la que trabajar\u00e1 de cerca las demandas y propuestas de la ciudadan\u00eda, misma que se podr\u00e1 descargar para cualquier sistema operativo y estar\u00e1 disponible a partir de este lunes a trav\u00e9s de sus redes sociales.<\/p>\n<p>Finalmente, en el di\u00e1logo, los j\u00f3venes destacaron la necesidad de una cl\u00ednica veterinaria, combatir la corrupci\u00f3n, el apoyo a la ciudadan\u00eda que tiene distintas discapacidades visuales, becas y apoyo a estudiantes.<\/p>\n","protected":false},"excerpt":{"rendered":"<p>Se reuni\u00f3 con j\u00f3venes Tendr\u00e1 App para conocer las demandas de los ciudadanos<\/p>\n","protected":false},"author":93,"featured_media":0,"comment_status":"open","ping_status":"open","sticky":false,"template":"","format":"standard","meta":{"footnotes":""},"categories":[59],"tags":[],"class_list":["post-20792","post","type-post","status-publish","format-standard","hentry","category-general"],"_links":{"self":[{"href":"https:\/\/plazajuarez.mx\/historico\/wp-json\/wp\/v2\/posts\/20792","targetHints":{"allow":["GET"]}}],"collection":[{"href":"https:\/\/plazajuarez.mx\/historico\/wp-json\/wp\/v2\/posts"}],"about":[{"href":"https:\/\/plazajuarez.mx\/historico\/wp-json\/wp\/v2\/types\/post"}],"author":[{"embeddable":true,"href":"https:\/\/plazajuarez.mx\/historico\/wp-json\/wp\/v2\/users\/93"}],"replies":[{"embeddable":true,"href":"https:\/\/plazajuarez.mx\/historico\/wp-json\/wp\/v2\/comments?post=20792"}],"version-history":[{"count":0,"href":"https:\/\/plazajuarez.mx\/historico\/wp-json\/wp\/v2\/posts\/20792\/revisions"}],"wp:attachment":[{"href":"https:\/\/plazajuarez.mx\/historico\/wp-json\/wp\/v2\/media?parent=20792"}],"wp:term":[{"taxonomy":"category","embeddable":true,"href":"https:\/\/plazajuarez.mx\/historico\/wp-json\/wp\/v2\/categories?post=20792"},{"taxonomy":"post_tag","embeddable":true,"href":"https:\/\/plazajuarez.mx\/historico\/wp-json\/wp\/v2\/tags?post=20792"}],"curies":[{"name":"wp","href":"https:\/\/api.w.org\/{rel}","templated":true}]}}