{"id":20788,"date":"2016-05-07T14:32:25","date_gmt":"2016-05-07T14:32:25","guid":{"rendered":"http:\/\/plazajuarez.mx\/index\/index.php\/2016\/05\/07\/clinton-confia-en-los-latinos-para-las-primarias-en-california\/"},"modified":"2016-05-07T14:32:25","modified_gmt":"2016-05-07T14:32:25","slug":"clinton-confia-en-los-latinos-para-las-primarias-en-california","status":"publish","type":"post","link":"https:\/\/plazajuarez.mx\/historico\/clinton-confia-en-los-latinos-para-las-primarias-en-california\/","title":{"rendered":"Clinton conf\u00eda en los latinos para las primarias en California"},"content":{"rendered":"<p>Los \u00c1ngeles.- El ambiente en el que plante\u00f3 Hillary Clinton el inicio de su campa\u00f1a en California el jueves fue toda una declaraci\u00f3n de intenciones: coincidiendo con la fiesta del Cinco de Mayo, en una universidad p\u00fablica del Este de Los \u00c1ngeles, el coraz\u00f3n latino de la ciudad, amenizado con una banda de mariachis y rodeada de la \u00e9lite de los pol\u00edticos latinos californianos. Clinton, cuya campa\u00f1a por la nominaci\u00f3n dem\u00f3crata ha llegado sorprendentemente hasta el \u00faltimo estado en votar, conf\u00eda en su tir\u00f3n entre el p\u00fablico latino para sentenciar las primarias contra Bernie Sanders y adem\u00e1s iniciar la movilizaci\u00f3n de este segmento de poblaci\u00f3n de cara a noviembre.<\/p>\n<p>  <!--more-->  <\/p>\n<p>\u00a0<\/p>\n<p>Mientras Sanders llevaba su campa\u00f1a a San Francisco, Clinton debut\u00f3 en estas primarias californianas en el East LA College, la universidad p\u00fablica que sirve al Este de Los \u00c1ngeles. California vota el pr\u00f3ximo 7 de junio y es el estado que m\u00e1s delegados otorga en ambos partidos. En el caso de los dem\u00f3cratas, con 475 delegados, casi uno de cada cinco delegados que elegir\u00e1n al candidato son de este estado. Tambi\u00e9n es el estado con m\u00e1s poblaci\u00f3n que se define como hispana, casi el 40% de sus 38 millones de habitantes. De ellos, la mayor\u00eda est\u00e1n alrededor del condado de Los \u00c1ngeles. El voto de los hispanos es una de las claves que explican el dominio dem\u00f3crata en California.<\/p>\n<p>\u201cNo se me ocurre un sitio mejor donde estar en el Cinco de Mayo\u201d, arranc\u00f3 Clinton. EU ha adoptado esta fecha, en la que se conmemora la batalla de Puebla, como una fiesta mexicana oficial. Clinton dej\u00f3 claro desde el principio que ya est\u00e1 en campa\u00f1a contra Trump.<\/p>\n<p>A pesar de que esta es todav\u00eda una campa\u00f1a de primarias, ni mencion\u00f3 a Sanders. Y tambi\u00e9n dej\u00f3 claro que va a jugar fuerte el contraste en inmigraci\u00f3n.<\/p>\n<p>La candidata fue presentada en la tribuna por una dreamer de 20 a\u00f1os que explic\u00f3 como las medidas migratorias del presidente Barack Obama le hab\u00edan cambiado la vida, pero tem\u00eda que un d\u00eda su madre no volviera a casa y fuera deportada. \u201cTrump se ha reafirmado en su plan de crear una fuerza de deportaci\u00f3n para detener a millones de personas. Lo mejor para que eso no pase es asegurarse de que ni se acerque a la Casa Blanca\u201d, dijo Clinton nada m\u00e1s empezar.<\/p>\n","protected":false},"excerpt":{"rendered":"<p>Los \u00c1ngeles.- El ambiente en el que plante\u00f3 Hillary Clinton el inicio de su campa\u00f1a en California el jueves fue toda una declaraci\u00f3n de intenciones: coincidiendo con la fiesta del Cinco de Mayo, en una universidad p\u00fablica del Este de Los \u00c1ngeles, el coraz\u00f3n latino de la ciudad, amenizado con una banda de mariachis y [&hellip;]<\/p>\n","protected":false},"author":93,"featured_media":0,"comment_status":"open","ping_status":"open","sticky":false,"template":"","format":"standard","meta":{"footnotes":""},"categories":[31],"tags":[],"class_list":["post-20788","post","type-post","status-publish","format-standard","hentry","category-orbe"],"_links":{"self":[{"href":"https:\/\/plazajuarez.mx\/historico\/wp-json\/wp\/v2\/posts\/20788","targetHints":{"allow":["GET"]}}],"collection":[{"href":"https:\/\/plazajuarez.mx\/historico\/wp-json\/wp\/v2\/posts"}],"about":[{"href":"https:\/\/plazajuarez.mx\/historico\/wp-json\/wp\/v2\/types\/post"}],"author":[{"embeddable":true,"href":"https:\/\/plazajuarez.mx\/historico\/wp-json\/wp\/v2\/users\/93"}],"replies":[{"embeddable":true,"href":"https:\/\/plazajuarez.mx\/historico\/wp-json\/wp\/v2\/comments?post=20788"}],"version-history":[{"count":0,"href":"https:\/\/plazajuarez.mx\/historico\/wp-json\/wp\/v2\/posts\/20788\/revisions"}],"wp:attachment":[{"href":"https:\/\/plazajuarez.mx\/historico\/wp-json\/wp\/v2\/media?parent=20788"}],"wp:term":[{"taxonomy":"category","embeddable":true,"href":"https:\/\/plazajuarez.mx\/historico\/wp-json\/wp\/v2\/categories?post=20788"},{"taxonomy":"post_tag","embeddable":true,"href":"https:\/\/plazajuarez.mx\/historico\/wp-json\/wp\/v2\/tags?post=20788"}],"curies":[{"name":"wp","href":"https:\/\/api.w.org\/{rel}","templated":true}]}}