{"id":20787,"date":"2016-05-07T14:29:14","date_gmt":"2016-05-07T14:29:14","guid":{"rendered":"http:\/\/plazajuarez.mx\/index\/index.php\/2016\/05\/07\/allanan-propiedades-de-cristina-fernandez\/"},"modified":"2016-05-07T14:29:14","modified_gmt":"2016-05-07T14:29:14","slug":"allanan-propiedades-de-cristina-fernandez","status":"publish","type":"post","link":"https:\/\/plazajuarez.mx\/historico\/allanan-propiedades-de-cristina-fernandez\/","title":{"rendered":"Allanan propiedades de Cristina Fern\u00e1ndez"},"content":{"rendered":"<p>La causa que investiga el presunto enriquecimiento il\u00edcito y falsificaci\u00f3n de documentos p\u00fablicos por parte del matrimonio Kirchner, a trav\u00e9s de la firma &#8220;Los Sauces&#8221;, sum\u00f3 un nuevo cap\u00edtulo: el juez Claudio Bonadio orden\u00f3 el allanamiento de 3 departamentos de la expresidenta Cristina Fern\u00e1ndez en Puerto Madero, la zona m\u00e1s lujosa de la ciudad de Buenos Aires, en los que la polic\u00eda entr\u00f3 por la fuerza.<\/p>\n<p>  <!--more-->  <\/p>\n<p>\u00a0<\/p>\n<p>Los inmuebles allanados por los efectivos de la Polic\u00eda est\u00e1n ubicados en el complejo denominado Madero Center y fueron escriturados a nombre de la sociedad Los Sauces. Seg\u00fan revel\u00f3 una fuente de la investigaci\u00f3n, los procedimientos se hicieron \u201cpara retirar comprobantes de pago de expensas\u201d.<\/p>\n<p>\u201cFueron por primera vez, golpearon la puerta y no les permitieron la entrada. Entonces se estableci\u00f3 una comunicaci\u00f3n telef\u00f3nica con Bonadio que dijo \u2018entren de todas maneras\u2019\u201d, relat\u00f3 un vocero de la polic\u00eda Metropolitana.<\/p>\n<p>La expresidenta Cristina Fern\u00e1ndez de Kirchner fue imputada el 8 de abril por el fiscal federal Carlos R\u00edvolo en la causa que investiga negocios inmobiliarios de la sociedad Los Sauces, creada en 2006 por el fallecido N\u00e9stor Kirchner y su familia. As\u00ed, tambi\u00e9n est\u00e1 imputado M\u00e1ximo Kirchner, uno de los hijos del matrimonio, por presuntos delitos de enriquecimiento il\u00edcito y falsificaci\u00f3n de documentos p\u00fablicos. Cristina Fern\u00e1ndez recus\u00f3 y denunci\u00f3 penalmente al magistrado.<\/p>\n<p>La causa comenz\u00f3 tras una denuncia de la diputada Margarita Stolbizer, quien dijo que &#8220;Los Sauces es una sociedad constituida por la familia Kirchner con la \u00fanica finalidad de recibir dinero proveniente de empresas de quienes han sido beneficiarios principales de las decisiones pol\u00edticas de los gobiernos de N\u00e9stor y de Cristina Kirchner&#8221;.<\/p>\n","protected":false},"excerpt":{"rendered":"<p>La causa que investiga el presunto enriquecimiento il\u00edcito y falsificaci\u00f3n de documentos p\u00fablicos por parte del matrimonio Kirchner, a trav\u00e9s de la firma &#8220;Los Sauces&#8221;, sum\u00f3 un nuevo cap\u00edtulo: el juez Claudio Bonadio orden\u00f3 el allanamiento de 3 departamentos de la expresidenta Cristina Fern\u00e1ndez en Puerto Madero, la zona m\u00e1s lujosa de la ciudad de [&hellip;]<\/p>\n","protected":false},"author":93,"featured_media":0,"comment_status":"open","ping_status":"open","sticky":false,"template":"","format":"standard","meta":{"footnotes":""},"categories":[31],"tags":[],"class_list":["post-20787","post","type-post","status-publish","format-standard","hentry","category-orbe"],"_links":{"self":[{"href":"https:\/\/plazajuarez.mx\/historico\/wp-json\/wp\/v2\/posts\/20787","targetHints":{"allow":["GET"]}}],"collection":[{"href":"https:\/\/plazajuarez.mx\/historico\/wp-json\/wp\/v2\/posts"}],"about":[{"href":"https:\/\/plazajuarez.mx\/historico\/wp-json\/wp\/v2\/types\/post"}],"author":[{"embeddable":true,"href":"https:\/\/plazajuarez.mx\/historico\/wp-json\/wp\/v2\/users\/93"}],"replies":[{"embeddable":true,"href":"https:\/\/plazajuarez.mx\/historico\/wp-json\/wp\/v2\/comments?post=20787"}],"version-history":[{"count":0,"href":"https:\/\/plazajuarez.mx\/historico\/wp-json\/wp\/v2\/posts\/20787\/revisions"}],"wp:attachment":[{"href":"https:\/\/plazajuarez.mx\/historico\/wp-json\/wp\/v2\/media?parent=20787"}],"wp:term":[{"taxonomy":"category","embeddable":true,"href":"https:\/\/plazajuarez.mx\/historico\/wp-json\/wp\/v2\/categories?post=20787"},{"taxonomy":"post_tag","embeddable":true,"href":"https:\/\/plazajuarez.mx\/historico\/wp-json\/wp\/v2\/tags?post=20787"}],"curies":[{"name":"wp","href":"https:\/\/api.w.org\/{rel}","templated":true}]}}