{"id":20786,"date":"2016-05-07T14:27:50","date_gmt":"2016-05-07T14:27:50","guid":{"rendered":"http:\/\/plazajuarez.mx\/index\/index.php\/2016\/05\/07\/llama-pena-a-redoblar-esfuerzo-de-proteccion-civil\/"},"modified":"2016-05-07T14:27:50","modified_gmt":"2016-05-07T14:27:50","slug":"llama-pena-a-redoblar-esfuerzo-de-proteccion-civil","status":"publish","type":"post","link":"https:\/\/plazajuarez.mx\/historico\/llama-pena-a-redoblar-esfuerzo-de-proteccion-civil\/","title":{"rendered":"Llama Pe\u00f1a a redoblar esfuerzo de protecci\u00f3n civil"},"content":{"rendered":"<p>Aunque el sistema nacional de protecci\u00f3n civil de M\u00e9xico est\u00e1 hoy m\u00e1s s\u00f3lido y consolidado, esto no puede traducirse en un exceso de confianza, &#8220;no debe llevarnos a bajar la guardia y relajarnos&#8221;, pidi\u00f3 el presidente Enrique Pe\u00f1a Nieto.<\/p>\n<p>  <!--more-->  <\/p>\n<p>\u00a0<\/p>\n<p>En un acto donde se conmemoraron 30 a\u00f1os de la formalizaci\u00f3n de los mecanismos de la protecci\u00f3n civil en M\u00e9xico a consecuencia de los temblores de 1985, el mandatario llam\u00f3 a redoblar el esfuerzo de sociedad y gobierno &#8220;para estar mejor capacitados y preparados&#8221; ante los embates de la naturaleza.<\/p>\n<p>Anunci\u00f3 adem\u00e1s la entrada en vigor de una placa \u00fanica nacional para las unidades automotrices dedicadas al servicio de protecci\u00f3n civil.<\/p>\n<p>Pe\u00f1a Nieto, quien al t\u00e9rmino del acto decidi\u00f3 quedarse a comer en esta capital, hab\u00eda pedido estar conscientes de que en materia de protecci\u00f3n civil \u201csiempre hay mucho que hacer\u201d.<\/p>\n<p>Resalt\u00f3 la solidaridad que en estos 30 a\u00f1os han demostrado los mexicanos para enfrentar las adversidades pero tambi\u00e9n pidi\u00f3 prepararse para los 13 ciclones tropicales que se estima entrar\u00e1n a territorio nacional en 2016.<\/p>\n<p>Hizo tambi\u00e9n un homenaje a quienes han muerto para salvar vidas y en particular se refiri\u00f3 a las fuerzas armadas y su trabajo ante situaciones de desastres naturales.<\/p>\n","protected":false},"excerpt":{"rendered":"<p>Aunque el sistema nacional de protecci\u00f3n civil de M\u00e9xico est\u00e1 hoy m\u00e1s s\u00f3lido y consolidado, esto no puede traducirse en un exceso de confianza, &#8220;no debe llevarnos a bajar la guardia y relajarnos&#8221;, pidi\u00f3 el presidente Enrique Pe\u00f1a Nieto.<\/p>\n","protected":false},"author":93,"featured_media":0,"comment_status":"open","ping_status":"open","sticky":false,"template":"","format":"standard","meta":{"footnotes":""},"categories":[36],"tags":[],"class_list":["post-20786","post","type-post","status-publish","format-standard","hentry","category-nacion"],"_links":{"self":[{"href":"https:\/\/plazajuarez.mx\/historico\/wp-json\/wp\/v2\/posts\/20786","targetHints":{"allow":["GET"]}}],"collection":[{"href":"https:\/\/plazajuarez.mx\/historico\/wp-json\/wp\/v2\/posts"}],"about":[{"href":"https:\/\/plazajuarez.mx\/historico\/wp-json\/wp\/v2\/types\/post"}],"author":[{"embeddable":true,"href":"https:\/\/plazajuarez.mx\/historico\/wp-json\/wp\/v2\/users\/93"}],"replies":[{"embeddable":true,"href":"https:\/\/plazajuarez.mx\/historico\/wp-json\/wp\/v2\/comments?post=20786"}],"version-history":[{"count":0,"href":"https:\/\/plazajuarez.mx\/historico\/wp-json\/wp\/v2\/posts\/20786\/revisions"}],"wp:attachment":[{"href":"https:\/\/plazajuarez.mx\/historico\/wp-json\/wp\/v2\/media?parent=20786"}],"wp:term":[{"taxonomy":"category","embeddable":true,"href":"https:\/\/plazajuarez.mx\/historico\/wp-json\/wp\/v2\/categories?post=20786"},{"taxonomy":"post_tag","embeddable":true,"href":"https:\/\/plazajuarez.mx\/historico\/wp-json\/wp\/v2\/tags?post=20786"}],"curies":[{"name":"wp","href":"https:\/\/api.w.org\/{rel}","templated":true}]}}