{"id":20784,"date":"2016-05-07T14:21:06","date_gmt":"2016-05-07T14:21:06","guid":{"rendered":"http:\/\/plazajuarez.mx\/index\/index.php\/2016\/05\/07\/regreso-de-volatilidad-no-es-por-trump-videgaray\/"},"modified":"2016-05-07T14:21:06","modified_gmt":"2016-05-07T14:21:06","slug":"regreso-de-volatilidad-no-es-por-trump-videgaray","status":"publish","type":"post","link":"https:\/\/plazajuarez.mx\/historico\/regreso-de-volatilidad-no-es-por-trump-videgaray\/","title":{"rendered":"\u201cRegreso de volatilidad no es por Trump\u201d: Videgaray"},"content":{"rendered":"<p>El regreso de la volatilidad del tipo de cambio responde a la incertidumbre por la econom\u00eda global y no por el efecto &#8220;Donald Tromp&#8221;, asegur\u00f3 el secretario de Hacienda y Cr\u00e9dito P\u00fablico, Luis Videgaray.<\/p>\n<p>&#8220;La econom\u00eda global est\u00e1 en un momento de retos, de incertidumbre, no solamente lo que ocurre en un pa\u00eds en espec\u00edfico&#8221;, dijo en entrevista al t\u00e9rmino de la firma de convenios del Comit\u00e9 Nacional de Productividad con el sector de autopartes.<\/p>\n<p>Explic\u00f3 que &#8220;hemos visto una semana en donde ha regresado la volatilidad a los mercados&#8221;.<\/p>\n<p>De ah\u00ed la importancia de que M\u00e9xico mantenga la disciplina con el manejo responsable de la pol\u00edtica macroecon\u00f3mica y fiscal, advirti\u00f3.<\/p>\n<p>&#8220;Sabemos que la volatilidad habr\u00e1 de continuar; habr\u00e1 retos importantes en el mundo, como los geopol\u00edticos. Nos toca a los mexicanos seguir por la ruta de la responsabilidad&#8221;, manifest\u00f3.<\/p>\n<p>En ese sentido dijo que el recorte preventivo al gasto que incluye la cancelaci\u00f3n de plazas en la administraci\u00f3n p\u00fablica, tiene como objetivo preservar la estabilidad.<\/p>\n","protected":false},"excerpt":{"rendered":"<p>El regreso de la volatilidad del tipo de cambio responde a la incertidumbre por la econom\u00eda global y no por el efecto &#8220;Donald Tromp&#8221;, asegur\u00f3 el secretario de Hacienda y Cr\u00e9dito P\u00fablico, Luis Videgaray. &#8220;La econom\u00eda global est\u00e1 en un momento de retos, de incertidumbre, no solamente lo que ocurre en un pa\u00eds en espec\u00edfico&#8221;, [&hellip;]<\/p>\n","protected":false},"author":93,"featured_media":0,"comment_status":"open","ping_status":"open","sticky":false,"template":"","format":"standard","meta":{"footnotes":""},"categories":[36],"tags":[],"class_list":["post-20784","post","type-post","status-publish","format-standard","hentry","category-nacion"],"_links":{"self":[{"href":"https:\/\/plazajuarez.mx\/historico\/wp-json\/wp\/v2\/posts\/20784","targetHints":{"allow":["GET"]}}],"collection":[{"href":"https:\/\/plazajuarez.mx\/historico\/wp-json\/wp\/v2\/posts"}],"about":[{"href":"https:\/\/plazajuarez.mx\/historico\/wp-json\/wp\/v2\/types\/post"}],"author":[{"embeddable":true,"href":"https:\/\/plazajuarez.mx\/historico\/wp-json\/wp\/v2\/users\/93"}],"replies":[{"embeddable":true,"href":"https:\/\/plazajuarez.mx\/historico\/wp-json\/wp\/v2\/comments?post=20784"}],"version-history":[{"count":0,"href":"https:\/\/plazajuarez.mx\/historico\/wp-json\/wp\/v2\/posts\/20784\/revisions"}],"wp:attachment":[{"href":"https:\/\/plazajuarez.mx\/historico\/wp-json\/wp\/v2\/media?parent=20784"}],"wp:term":[{"taxonomy":"category","embeddable":true,"href":"https:\/\/plazajuarez.mx\/historico\/wp-json\/wp\/v2\/categories?post=20784"},{"taxonomy":"post_tag","embeddable":true,"href":"https:\/\/plazajuarez.mx\/historico\/wp-json\/wp\/v2\/tags?post=20784"}],"curies":[{"name":"wp","href":"https:\/\/api.w.org\/{rel}","templated":true}]}}