{"id":207800,"date":"2022-03-17T07:28:50","date_gmt":"2022-03-17T13:28:50","guid":{"rendered":"https:\/\/plazajuarez.mx\/?p=207800"},"modified":"2022-03-17T07:29:05","modified_gmt":"2022-03-17T13:29:05","slug":"suma-tv-iniciara-transmisiones-oficiales","status":"publish","type":"post","link":"https:\/\/plazajuarez.mx\/historico\/suma-tv-iniciara-transmisiones-oficiales\/","title":{"rendered":"SUMA TV iniciar\u00e1 transmisiones oficiales"},"content":{"rendered":"\n<p class=\"wp-block-paragraph\">Ma\u00f1ana, iniciar\u00e1 transmisiones de manera oficial, el canal digital terrestre 13.1 SUMA TV, que forma parte de la Universidad Aut\u00f3noma del Estado de Hidalgo (UAEH). Ser\u00e1 a las 7:00 de la noche cuando arranque transmisiones \u201cen el cual se fusionar\u00e1n la generaci\u00f3n del conocimiento, el entretenimiento, la informaci\u00f3n y la cultura para brindar contenidos de calidad a la sociedad hidalguense\u201d se\u00f1al\u00f3 la Instituci\u00f3n.&nbsp;<\/p>\n\n\n\n<p class=\"wp-block-paragraph\">SUMA TV realiz\u00f3 su primer se\u00f1al de prueba el pasado 4 de marzo, durante el Quinto Informe de la Administraci\u00f3n Universitaria 2017-2023 con el programa especial \u201cGrandeza Garza\u201d, donde se abord\u00f3 la historia de la Universidad junto a Juan Manuel Menes Llaguno, ex rector de esta instituci\u00f3n y cronista del estado de Hidalgo. &nbsp;<\/p>\n\n\n\n<p class=\"wp-block-paragraph\">El objetivo es incrementar \u201cla cobertura hasta tener una mayor presencia a nivel estatal, adem\u00e1s de que se pueda disfrutar por plataformas de streaming\u201d.&nbsp;<\/p>\n\n\n\n<p class=\"wp-block-paragraph\">El rector Adolfo Pontigo Loyola, dijo \u201cSUMA TV UAEH llega para convertirse en una opci\u00f3n de calidad en los medios p\u00fablicos en M\u00e9xico, respaldado por el prestigio nacional e internacional de la Universidad Aut\u00f3noma del Estado de Hidalgo\u201d.&nbsp;<\/p>\n\n\n\n<p class=\"wp-block-paragraph\">Las instalaciones del SUMA se encuentran en el Centro Universitario de Desarrollo Social (CUDES), consta de \u00e1reas de producci\u00f3n, dise\u00f1o e imagen, ingenier\u00eda, administraci\u00f3n, direcci\u00f3n general, cabinas de video, audio e iluminaci\u00f3n.<\/p>\n","protected":false},"excerpt":{"rendered":"<p>Ma\u00f1ana, iniciar\u00e1 transmisiones de manera oficial, el canal digital terrestre 13.1 SUMA TV, que forma parte de la Universidad Aut\u00f3noma del Estado de Hidalgo (UAEH). Ser\u00e1 a las 7:00 de la noche cuando arranque transmisiones \u201cen el cual se fusionar\u00e1n la generaci\u00f3n del conocimiento, el entretenimiento, la informaci\u00f3n y la cultura para brindar contenidos de [&hellip;]<\/p>\n","protected":false},"author":93,"featured_media":207801,"comment_status":"closed","ping_status":"closed","sticky":false,"template":"","format":"standard","meta":{"footnotes":""},"categories":[59,2159],"tags":[],"class_list":["post-207800","post","type-post","status-publish","format-standard","has-post-thumbnail","hentry","category-general","category-noticias-de-hidalgo"],"_links":{"self":[{"href":"https:\/\/plazajuarez.mx\/historico\/wp-json\/wp\/v2\/posts\/207800","targetHints":{"allow":["GET"]}}],"collection":[{"href":"https:\/\/plazajuarez.mx\/historico\/wp-json\/wp\/v2\/posts"}],"about":[{"href":"https:\/\/plazajuarez.mx\/historico\/wp-json\/wp\/v2\/types\/post"}],"author":[{"embeddable":true,"href":"https:\/\/plazajuarez.mx\/historico\/wp-json\/wp\/v2\/users\/93"}],"replies":[{"embeddable":true,"href":"https:\/\/plazajuarez.mx\/historico\/wp-json\/wp\/v2\/comments?post=207800"}],"version-history":[{"count":0,"href":"https:\/\/plazajuarez.mx\/historico\/wp-json\/wp\/v2\/posts\/207800\/revisions"}],"wp:featuredmedia":[{"embeddable":true,"href":"https:\/\/plazajuarez.mx\/historico\/wp-json\/wp\/v2\/media\/207801"}],"wp:attachment":[{"href":"https:\/\/plazajuarez.mx\/historico\/wp-json\/wp\/v2\/media?parent=207800"}],"wp:term":[{"taxonomy":"category","embeddable":true,"href":"https:\/\/plazajuarez.mx\/historico\/wp-json\/wp\/v2\/categories?post=207800"},{"taxonomy":"post_tag","embeddable":true,"href":"https:\/\/plazajuarez.mx\/historico\/wp-json\/wp\/v2\/tags?post=207800"}],"curies":[{"name":"wp","href":"https:\/\/api.w.org\/{rel}","templated":true}]}}