{"id":2077,"date":"2015-03-11T06:00:00","date_gmt":"2015-03-11T06:00:00","guid":{"rendered":"http:\/\/plazajuarez.mx\/index\/index.php\/2015\/03\/11\/burton-hara-nueva-version-de-dumbo\/"},"modified":"2015-03-11T06:00:00","modified_gmt":"2015-03-11T06:00:00","slug":"burton-hara-nueva-version-de-dumbo","status":"publish","type":"post","link":"https:\/\/plazajuarez.mx\/historico\/burton-hara-nueva-version-de-dumbo\/","title":{"rendered":"Burton har\u00e1 nueva versi\u00f3n de Dumbo"},"content":{"rendered":"<p>Tras realizar algunas de sus pel\u00edculas animadas en versi\u00f3n real, como &#8220;La Cenicienta&#8221;, &#8220;La Bella durmiente&#8221; (&#8220;Mal\u00e9fica&#8221;) y &#8220;Alicia en el pa\u00eds de las Maravillas&#8221;; Disney decidi\u00f3 revivir otro de sus cl\u00e1sicos: &#8220;Dumbo&#8221;.<\/p>\n<p>  <!--more-->  <\/p>\n<p>\u00a0<\/p>\n<p>Tim Burton ser\u00e1 responsable de traer de regreso a uno de los elefantes m\u00e1s queridos de la animaci\u00f3n.<\/p>\n<p>Adem\u00e1s, la cinta contar\u00e1 con un gui\u00f3n a cargo de Ehren Kruger (&#8220;Transformers&#8221;), quien tambi\u00e9n servir\u00e1 de productor junto a Justin Springer (&#8220;Tron: Legacy&#8221;).<\/p>\n<p>La pel\u00edcula original (1941) muestra la historia de un elefante beb\u00e9 de un circo del que todos se re\u00edan por sus grandes orejas.<\/p>\n","protected":false},"excerpt":{"rendered":"<p>Tras realizar algunas de sus pel\u00edculas animadas en versi\u00f3n real, como &#8220;La Cenicienta&#8221;, &#8220;La Bella durmiente&#8221; (&#8220;Mal\u00e9fica&#8221;) y &#8220;Alicia en el pa\u00eds de las Maravillas&#8221;; Disney decidi\u00f3 revivir otro de sus cl\u00e1sicos: &#8220;Dumbo&#8221;.<\/p>\n","protected":false},"author":93,"featured_media":0,"comment_status":"open","ping_status":"open","sticky":false,"template":"","format":"standard","meta":{"footnotes":""},"categories":[38],"tags":[],"class_list":["post-2077","post","type-post","status-publish","format-standard","hentry","category-show"],"_links":{"self":[{"href":"https:\/\/plazajuarez.mx\/historico\/wp-json\/wp\/v2\/posts\/2077","targetHints":{"allow":["GET"]}}],"collection":[{"href":"https:\/\/plazajuarez.mx\/historico\/wp-json\/wp\/v2\/posts"}],"about":[{"href":"https:\/\/plazajuarez.mx\/historico\/wp-json\/wp\/v2\/types\/post"}],"author":[{"embeddable":true,"href":"https:\/\/plazajuarez.mx\/historico\/wp-json\/wp\/v2\/users\/93"}],"replies":[{"embeddable":true,"href":"https:\/\/plazajuarez.mx\/historico\/wp-json\/wp\/v2\/comments?post=2077"}],"version-history":[{"count":0,"href":"https:\/\/plazajuarez.mx\/historico\/wp-json\/wp\/v2\/posts\/2077\/revisions"}],"wp:attachment":[{"href":"https:\/\/plazajuarez.mx\/historico\/wp-json\/wp\/v2\/media?parent=2077"}],"wp:term":[{"taxonomy":"category","embeddable":true,"href":"https:\/\/plazajuarez.mx\/historico\/wp-json\/wp\/v2\/categories?post=2077"},{"taxonomy":"post_tag","embeddable":true,"href":"https:\/\/plazajuarez.mx\/historico\/wp-json\/wp\/v2\/tags?post=2077"}],"curies":[{"name":"wp","href":"https:\/\/api.w.org\/{rel}","templated":true}]}}