{"id":207409,"date":"2022-03-14T08:55:27","date_gmt":"2022-03-14T14:55:27","guid":{"rendered":"https:\/\/plazajuarez.mx\/?p=207409"},"modified":"2022-03-14T08:55:40","modified_gmt":"2022-03-14T14:55:40","slug":"inicia-recuperacion-economica-para-ferieros","status":"publish","type":"post","link":"https:\/\/plazajuarez.mx\/historico\/inicia-recuperacion-economica-para-ferieros\/","title":{"rendered":"Inicia recuperaci\u00f3n econ\u00f3mica para ferieros"},"content":{"rendered":"\n<p>TULANCINGO DE BRAVO.-\u00a0En la regi\u00f3n de Tulancingo, los trabajadores de las ferias comienzan a ver un mejor panorama para su econom\u00eda ante la activaci\u00f3n de fiestas patronales y carnavales en diferentes municipios, luego de que fueron suspendidos en marzo de 2020.<\/p>\n\n\n\n<p>Eliseo Arag\u00f3n, representante de la Organizaci\u00f3n de Ferieros Unidos de Tulancingo y sus Alrededores, coment\u00f3 que el pasado fin de semana estuvieron en la comunidad Santa Ana Hueytlalpan, donde aprovecharon los cierres de los carnavales, en los diferentes barrios.<\/p>\n\n\n\n<p>\u201cYa comenzamos a ver la luz, hemos sido un sector muy castigado por la pandemia del Covid, de un momento a otro nos quedamos sin trabajo, al suspender todas las actividades, ya ten\u00edamos contratos en algunas poblaciones tanto de la regi\u00f3n como otras partes del pa\u00eds\u201d, manifest\u00f3.<\/p>\n\n\n\n<p>Agreg\u00f3 que algunos de sus compa\u00f1eros tuvieron que dedicarse a otros giros comerciales, pero fue muy dif\u00edcil. \u201cAlgunos colegas se enfermaron y no hab\u00eda trabajo ni dinero, tambi\u00e9n hubo fallecimientos y las familias quedaron desamparadas, nos cerraron las puertas en varios lados, pero aqu\u00ed estamos sobreviviendo\u201d.<\/p>\n\n\n\n<p>La Arquidi\u00f3cesis de Tulancingo, el 17 de marzo de 2020, anunci\u00f3 que todos los eventos religiosos ser\u00edan suspendidos hasta nuevo aviso, por lo cual los ferieros se vieron afectados en su econom\u00eda, y fueron orillados a \u201cbotear\u201d durante unas semanas en el crucero Acatl\u00e1n, para poder subsistir.<\/p>\n","protected":false},"excerpt":{"rendered":"<p>TULANCINGO DE BRAVO.-\u00a0En la regi\u00f3n de Tulancingo, los trabajadores de las ferias comienzan a ver un mejor panorama para su econom\u00eda ante la activaci\u00f3n de fiestas patronales y carnavales en diferentes municipios, luego de que fueron suspendidos en marzo de 2020. Eliseo Arag\u00f3n, representante de la Organizaci\u00f3n de Ferieros Unidos de Tulancingo y sus Alrededores, [&hellip;]<\/p>\n","protected":false},"author":70,"featured_media":207410,"comment_status":"closed","ping_status":"closed","sticky":false,"template":"","format":"standard","meta":{"footnotes":""},"categories":[2159,40],"tags":[],"class_list":["post-207409","post","type-post","status-publish","format-standard","has-post-thumbnail","hentry","category-noticias-de-hidalgo","category-region"],"_links":{"self":[{"href":"https:\/\/plazajuarez.mx\/historico\/wp-json\/wp\/v2\/posts\/207409","targetHints":{"allow":["GET"]}}],"collection":[{"href":"https:\/\/plazajuarez.mx\/historico\/wp-json\/wp\/v2\/posts"}],"about":[{"href":"https:\/\/plazajuarez.mx\/historico\/wp-json\/wp\/v2\/types\/post"}],"author":[{"embeddable":true,"href":"https:\/\/plazajuarez.mx\/historico\/wp-json\/wp\/v2\/users\/70"}],"replies":[{"embeddable":true,"href":"https:\/\/plazajuarez.mx\/historico\/wp-json\/wp\/v2\/comments?post=207409"}],"version-history":[{"count":0,"href":"https:\/\/plazajuarez.mx\/historico\/wp-json\/wp\/v2\/posts\/207409\/revisions"}],"wp:featuredmedia":[{"embeddable":true,"href":"https:\/\/plazajuarez.mx\/historico\/wp-json\/wp\/v2\/media\/207410"}],"wp:attachment":[{"href":"https:\/\/plazajuarez.mx\/historico\/wp-json\/wp\/v2\/media?parent=207409"}],"wp:term":[{"taxonomy":"category","embeddable":true,"href":"https:\/\/plazajuarez.mx\/historico\/wp-json\/wp\/v2\/categories?post=207409"},{"taxonomy":"post_tag","embeddable":true,"href":"https:\/\/plazajuarez.mx\/historico\/wp-json\/wp\/v2\/tags?post=207409"}],"curies":[{"name":"wp","href":"https:\/\/api.w.org\/{rel}","templated":true}]}}