{"id":207293,"date":"2022-03-13T00:00:00","date_gmt":"2022-03-13T06:00:00","guid":{"rendered":"https:\/\/plazajuarez.mx\/?p=207293"},"modified":"2022-03-12T23:52:13","modified_gmt":"2022-03-13T05:52:13","slug":"bioseguridad","status":"publish","type":"post","link":"https:\/\/plazajuarez.mx\/historico\/bioseguridad\/","title":{"rendered":"Supervisan bioseguridad en centros educativos"},"content":{"rendered":"\n<p>Tras el regreso a clases presenciales en la Universidad Pedag\u00f3gica Nacional en Hidalgo (UPN-H) el titular de la Secretar\u00eda de Educaci\u00f3n P\u00fablica de Hidalgo (SEPH) Atilano Rodr\u00edguez P\u00e9rez acudi\u00f3 al plantel para revisar las medidas de bioseguridad implementadas para el regreso seguro a las aulas y, ah\u00ed, pudo entablar di\u00e1logo con docentes y directivos sobre la nueva normalidad a la que se llega tras la pandemia de covid-19.<\/p>\n\n\n\n<div class=\"wp-block-buttons is-content-justification-center is-layout-flex wp-container-core-buttons-is-layout-16018d1d wp-block-buttons-is-layout-flex\">\n<div class=\"wp-block-button is-style-outline is-style-outline--1\"><a class=\"wp-block-button__link\" href=\"https:\/\/plazajuarez.mx\/historico\/historico\/2022\/03\/12\/derriban-arboles-danados-que-rodean-casa-de-adolescentes\/\" target=\"_blank\" rel=\"noreferrer noopener\">Te puede interesar: Derriban \u00e1rboles da\u00f1ados que rodean Casa de Adolescentes<\/a><\/div>\n<\/div>\n\n\n\n<p>El funcionario estatal refiri\u00f3 la importancia que juega la preparaci\u00f3n acad\u00e9mica, reconoci\u00f3 la labor del personal administrativo y acad\u00e9mico y se destac\u00f3 la responsabilidad que,&nbsp; desde las aulas, tienen en la formaci\u00f3n de profesionistas, que se sumar\u00e1n posteriormente a un sistema educativo fuerte en Hidalgo.&nbsp;<\/p>\n\n\n\n<p>De acuerdo con las redes sociales de la UPN-H, algunos de los programas con los que el funcionario estatal tuvo acercamiento fueron: las maestr\u00edas en Educaci\u00f3n Campo Pr\u00e1ctica Educativa (MECPE), Educaci\u00f3n L\u00ednea, Recuperaci\u00f3n y An\u00e1lisis de la Pr\u00e1ctica Docente (MELRAPD), Intervenci\u00f3n e Innovaci\u00f3n para el Desarrollo Educativo (MIIDE) as\u00ed como los participantes en el curso \u201cDesarrollo del pensamiento en ni\u00f1as, ni\u00f1os y adolescentes\u201d.<\/p>\n\n\n\n<p>Finalmente, se exhort\u00f3 a no bajar la guardia en materia de bioseguridad y&nbsp; se intercambiaron experiencias acad\u00e9micas con alumnos y alumnos que cursan las maestr\u00edas en la sede regional Pachuca.&nbsp;<\/p>\n","protected":false},"excerpt":{"rendered":"<p>Tras el regreso a clases presenciales en la Universidad Pedag\u00f3gica Nacional en Hidalgo (UPN-H) el titular de la Secretar\u00eda de Educaci\u00f3n P\u00fablica de Hidalgo (SEPH) Atilano Rodr\u00edguez P\u00e9rez acudi\u00f3 al plantel para revisar las medidas de bioseguridad implementadas para el regreso seguro a las aulas y, ah\u00ed, pudo entablar di\u00e1logo con docentes y directivos sobre [&hellip;]<\/p>\n","protected":false},"author":72,"featured_media":207301,"comment_status":"closed","ping_status":"closed","sticky":false,"template":"","format":"standard","meta":{"footnotes":""},"categories":[15,59],"tags":[],"class_list":["post-207293","post","type-post","status-publish","format-standard","has-post-thumbnail","hentry","category-destacadas","category-general"],"_links":{"self":[{"href":"https:\/\/plazajuarez.mx\/historico\/wp-json\/wp\/v2\/posts\/207293","targetHints":{"allow":["GET"]}}],"collection":[{"href":"https:\/\/plazajuarez.mx\/historico\/wp-json\/wp\/v2\/posts"}],"about":[{"href":"https:\/\/plazajuarez.mx\/historico\/wp-json\/wp\/v2\/types\/post"}],"author":[{"embeddable":true,"href":"https:\/\/plazajuarez.mx\/historico\/wp-json\/wp\/v2\/users\/72"}],"replies":[{"embeddable":true,"href":"https:\/\/plazajuarez.mx\/historico\/wp-json\/wp\/v2\/comments?post=207293"}],"version-history":[{"count":0,"href":"https:\/\/plazajuarez.mx\/historico\/wp-json\/wp\/v2\/posts\/207293\/revisions"}],"wp:featuredmedia":[{"embeddable":true,"href":"https:\/\/plazajuarez.mx\/historico\/wp-json\/wp\/v2\/media\/207301"}],"wp:attachment":[{"href":"https:\/\/plazajuarez.mx\/historico\/wp-json\/wp\/v2\/media?parent=207293"}],"wp:term":[{"taxonomy":"category","embeddable":true,"href":"https:\/\/plazajuarez.mx\/historico\/wp-json\/wp\/v2\/categories?post=207293"},{"taxonomy":"post_tag","embeddable":true,"href":"https:\/\/plazajuarez.mx\/historico\/wp-json\/wp\/v2\/tags?post=207293"}],"curies":[{"name":"wp","href":"https:\/\/api.w.org\/{rel}","templated":true}]}}