{"id":207246,"date":"2022-03-12T12:54:20","date_gmt":"2022-03-12T18:54:20","guid":{"rendered":"https:\/\/plazajuarez.mx\/?p=207246"},"modified":"2022-03-12T12:54:35","modified_gmt":"2022-03-12T18:54:35","slug":"cfe_ignacio","status":"publish","type":"post","link":"https:\/\/plazajuarez.mx\/historico\/cfe_ignacio\/","title":{"rendered":"Con reforma CFE no lucrar\u00e1 con patrimonio de M\u00e9xico: Ignacio Mier"},"content":{"rendered":"\n<p> A trav\u00e9s de la reforma el\u00e9ctrica, la Comisi\u00f3n Federal de Electricidad (CFE) ser\u00e1 una empresa de \u00e9xito que no lucre con el patrimonio de M\u00e9xico, asegur\u00f3 el coordinador de la fracci\u00f3n de Morena en la C\u00e1mara de Diputados, Ignacio Mier Velazco.<\/p>\n\n\n\n<p>En la sede de la Universidad Ju\u00e1rez Aut\u00f3noma de Tabasco, el legislador llam\u00f3 a los tabasque\u00f1os a beneficiarse del recurso h\u00eddrico que poseen, &#8220;que ese r\u00edo tan potente permita generar energ\u00eda limpia y barata&#8221;, coment\u00f3.<\/p>\n\n\n\n<p>Lament\u00f3 que gracias a la reforma impuesta en el 2013, el sistema el\u00e9ctrico nacional se afect\u00f3 a tal grado que los consumidores de regiones con un potencial tan grande por sus recursos naturales, como Tabasco, no puedan beneficiarse con tarifas m\u00e1s justas y que sean los privados los que paguen menos.<\/p>\n\n\n\n<p>En ese tenor, el diputado \u00d3scar Cant\u00f3n Zetina indic\u00f3 que la anterior reforma en materia energ\u00e9tica permiti\u00f3 que las empresas privadas usaran a CFE como su fachada para obtener beneficios, gracias al c\u00famulo de irregularidades que permite, y que ahora los detractores de la reforma propuesta por el presidente Andr\u00e9s Manuel L\u00f3pez Obrador, argumentan que CFE no cuenta con la capacidad de generaci\u00f3n, lo que provocar\u00e1 apagones y desabasto de energ\u00eda el\u00e9ctrica.<\/p>\n\n\n\n<p>&#8220;Estos argumentos son falsos, dado que la capacidad de CFE alcanza y garantiza el servicio el\u00e9ctrico, &#8220;la capacidad cubre la demanda con creces. No tenemos un problema de abasto y apagones, a la CFE hay que dejarla producir con lo que tiene de capacidad ya instalada, porque adem\u00e1s est\u00e1 realizando planes de expansi\u00f3n&#8221;, dijo Cant\u00f3n Zetina.<\/p>\n\n\n\n<p>Agreg\u00f3 que existe la percepci\u00f3n de que una empresa p\u00fablica no puede ser exitosa, y record\u00f3 que antes CFE hab\u00eda logrado electrificar al pa\u00eds y fueron las limitantes y el saqueo lo que la han impedido seguir hacerlo.<\/p>\n\n\n\n<p>&#8220;La empresa p\u00fablica s\u00ed puede ser exitosa en M\u00e9xico y en el mundo, porque su inter\u00e9s no es de lucro, ni de utilidad, es de servicio social y solidaridad con el pueblo, este es el sentido de la empresa p\u00fablica&#8221;, refiri\u00f3.<\/p>\n","protected":false},"excerpt":{"rendered":"<p>A trav\u00e9s de la reforma el\u00e9ctrica, la Comisi\u00f3n Federal de Electricidad (CFE) ser\u00e1 una empresa de \u00e9xito que no lucre con el patrimonio de M\u00e9xico, asegur\u00f3 el coordinador de la fracci\u00f3n de Morena en la C\u00e1mara de Diputados, Ignacio Mier Velazco. En la sede de la Universidad Ju\u00e1rez Aut\u00f3noma de Tabasco, el legislador llam\u00f3 a [&hellip;]<\/p>\n","protected":false},"author":81,"featured_media":207247,"comment_status":"closed","ping_status":"closed","sticky":false,"template":"","format":"standard","meta":{"footnotes":""},"categories":[15,36],"tags":[],"class_list":["post-207246","post","type-post","status-publish","format-standard","has-post-thumbnail","hentry","category-destacadas","category-nacion"],"_links":{"self":[{"href":"https:\/\/plazajuarez.mx\/historico\/wp-json\/wp\/v2\/posts\/207246","targetHints":{"allow":["GET"]}}],"collection":[{"href":"https:\/\/plazajuarez.mx\/historico\/wp-json\/wp\/v2\/posts"}],"about":[{"href":"https:\/\/plazajuarez.mx\/historico\/wp-json\/wp\/v2\/types\/post"}],"author":[{"embeddable":true,"href":"https:\/\/plazajuarez.mx\/historico\/wp-json\/wp\/v2\/users\/81"}],"replies":[{"embeddable":true,"href":"https:\/\/plazajuarez.mx\/historico\/wp-json\/wp\/v2\/comments?post=207246"}],"version-history":[{"count":0,"href":"https:\/\/plazajuarez.mx\/historico\/wp-json\/wp\/v2\/posts\/207246\/revisions"}],"wp:featuredmedia":[{"embeddable":true,"href":"https:\/\/plazajuarez.mx\/historico\/wp-json\/wp\/v2\/media\/207247"}],"wp:attachment":[{"href":"https:\/\/plazajuarez.mx\/historico\/wp-json\/wp\/v2\/media?parent=207246"}],"wp:term":[{"taxonomy":"category","embeddable":true,"href":"https:\/\/plazajuarez.mx\/historico\/wp-json\/wp\/v2\/categories?post=207246"},{"taxonomy":"post_tag","embeddable":true,"href":"https:\/\/plazajuarez.mx\/historico\/wp-json\/wp\/v2\/tags?post=207246"}],"curies":[{"name":"wp","href":"https:\/\/api.w.org\/{rel}","templated":true}]}}