{"id":20723,"date":"2016-05-06T11:39:22","date_gmt":"2016-05-06T11:39:22","guid":{"rendered":"http:\/\/plazajuarez.mx\/index\/index.php\/2016\/05\/06\/fox-se-disculpa-con-donald-trump\/"},"modified":"2016-05-06T11:39:22","modified_gmt":"2016-05-06T11:39:22","slug":"fox-se-disculpa-con-donald-trump","status":"publish","type":"post","link":"https:\/\/plazajuarez.mx\/historico\/fox-se-disculpa-con-donald-trump\/","title":{"rendered":"Fox se disculpa con Donald Trump"},"content":{"rendered":"<p><strong>Otra de las extra\u00f1as conductos de Chente<\/strong><\/p>\n<p>  <!--more-->  <\/p>\n<p> El ex presidente Vicente Fox ofreci\u00f3 una disculpa al precandidato republicano a la Presidencia de EU, Donald Trump, por el lenguaje \u201cvulgar\u201d que utiliz\u00f3 para criticar su idea del muro, pues explic\u00f3 que \u201cperdonar es la cualidad de un l\u00edder compasivo\u201d.\u00a0Adem\u00e1s, a trav\u00e9s de una entrevista con el medio estadounidense Breitbart News, el ex mandatario extendi\u00f3 una invitaci\u00f3n al magnate neoyorkino para visitar M\u00e9xico.\u00a0<\/p>\n<p>Ayer Fox explic\u00f3 que la invitaci\u00f3n tiene como objetivo que Donald Trump se quite la venda de los ojos.\u00a0Sin embargo, dijo, \u201cs\u00e9 que no lo va a aceptar jam\u00e1s porque su propia soberbia no se lo va a permitir\u201d, recalc\u00f3 en entrevista.\u00a0<\/p>\n<p>La disculpa de Vicente Fox se deriva luego de que en febrero pasado dijo que \u201cno voy a pagar por ese maldito muro&#8221;, en referencia a los dichos de Trump y exhort\u00f3 al aspirante presidencial a no seguir la estrategia de atacar a los dem\u00e1s.\u00a0<\/p>\n<p>&#8220;S\u00ed, soy lo suficientemente humilde para liderar, soy un l\u00edder compasivo. Si te he ofendido, lo siento&#8221;. Sugiri\u00f3 que \u00e9l podr\u00eda ayudar a Trump a pensar de forma \u201cinteligente\u201d.\u00a0 <\/p>\n<p>Fox consider\u00f3 que Donald Trump va a caer por su propio peso.\u00a0\u201cAs\u00ed lo\u00a0dicen las encuestas, Hillary va arriba. Va a ser la presidenta precisa que necesita el pa\u00eds\u201d, explic\u00f3 a la periodista Adela Micha.\u00a0<\/p>\n","protected":false},"excerpt":{"rendered":"<p>Otra de las extra\u00f1as conductos de Chente<\/p>\n","protected":false},"author":93,"featured_media":0,"comment_status":"open","ping_status":"open","sticky":false,"template":"","format":"standard","meta":{"footnotes":""},"categories":[36],"tags":[],"class_list":["post-20723","post","type-post","status-publish","format-standard","hentry","category-nacion"],"_links":{"self":[{"href":"https:\/\/plazajuarez.mx\/historico\/wp-json\/wp\/v2\/posts\/20723","targetHints":{"allow":["GET"]}}],"collection":[{"href":"https:\/\/plazajuarez.mx\/historico\/wp-json\/wp\/v2\/posts"}],"about":[{"href":"https:\/\/plazajuarez.mx\/historico\/wp-json\/wp\/v2\/types\/post"}],"author":[{"embeddable":true,"href":"https:\/\/plazajuarez.mx\/historico\/wp-json\/wp\/v2\/users\/93"}],"replies":[{"embeddable":true,"href":"https:\/\/plazajuarez.mx\/historico\/wp-json\/wp\/v2\/comments?post=20723"}],"version-history":[{"count":0,"href":"https:\/\/plazajuarez.mx\/historico\/wp-json\/wp\/v2\/posts\/20723\/revisions"}],"wp:attachment":[{"href":"https:\/\/plazajuarez.mx\/historico\/wp-json\/wp\/v2\/media?parent=20723"}],"wp:term":[{"taxonomy":"category","embeddable":true,"href":"https:\/\/plazajuarez.mx\/historico\/wp-json\/wp\/v2\/categories?post=20723"},{"taxonomy":"post_tag","embeddable":true,"href":"https:\/\/plazajuarez.mx\/historico\/wp-json\/wp\/v2\/tags?post=20723"}],"curies":[{"name":"wp","href":"https:\/\/api.w.org\/{rel}","templated":true}]}}