{"id":20720,"date":"2016-05-06T11:37:47","date_gmt":"2016-05-06T11:37:47","guid":{"rendered":"http:\/\/plazajuarez.mx\/index\/index.php\/2016\/05\/06\/suspenden-a-eduardo-cunha-como-lider-del-parlamento-de-brasil\/"},"modified":"2016-05-06T11:37:47","modified_gmt":"2016-05-06T11:37:47","slug":"suspenden-a-eduardo-cunha-como-lider-del-parlamento-de-brasil","status":"publish","type":"post","link":"https:\/\/plazajuarez.mx\/historico\/suspenden-a-eduardo-cunha-como-lider-del-parlamento-de-brasil\/","title":{"rendered":"Suspenden a Eduardo Cunha como l\u00edder del Parlamento de Brasil"},"content":{"rendered":"<p><strong>Cae el principal acusador de Dilma Rousseff<\/strong><\/p>\n<ul>\n<li><strong><strong>El pol\u00edtico, investigado en el caso Petrobras y que lider\u00f3 la destituci\u00f3n de Rousseff, pierde su cargo de diputado<\/strong><\/strong> <!--more--> <\/li>\n<\/ul>\n<p>El liderazgo de una de las casas legislativas m\u00e1s importantes de Brasil, subraya el juez, &#8220;exige escr\u00fapulos compatibles con su alt\u00edsima honorabilidad&#8221;. El mandato &#8220;no es un t\u00edtulo vac\u00edo que autoriza expectativas de poder ilimitadas, irresponsables o sin sentido&#8221;. Con la decisi\u00f3n judicial, asume el cargo el actual vicepresidente de la C\u00e1mara, el diputado Waldir Maranh\u00e3o, aliado de Cunha\u2026 tambi\u00e9n investigado en el caso Petrobras.<\/p>\n<p>\u00a0<\/p>\n<p>El Supremo de Brasil suspendi\u00f3 ayer como diputado y presidente de la C\u00e1mara de Diputados, a Eduardo Cunha, del Partido del Movimiento Democr\u00e1tico Brasile\u00f1o (PMDB). El pol\u00edtico, siempre pol\u00e9mico y extremadamente poderoso, fue quien consigui\u00f3 iniciar el proceso para destituir a la presidenta Dilma Rousseff y est\u00e1 siendo investigado por el caso Petrobras -que revel\u00f3 sobornos y desv\u00edos de dinero en la estatal brasile\u00f1a- entre otras cosas, por ocultar millones de reales en cuentas en Suiza.<\/p>\n<p>El diputado enfrenta varias causas en el Supremo, y tambi\u00e9n est\u00e1 siendo investigado por la Comisi\u00f3n de \u00c9tica de la C\u00e1mara por haber mentido sobre sus cuentas bancarias suizas. Pero Cunha, un superviviente pol\u00edtico nato que conoce a fondo el funcionamiento del Congreso, consigui\u00f3 ralentizar el proceso al m\u00e1ximo para seguir al frente del Parlamento y liderar el impeachment de Rousseff. Estaba a punto de lograr derribar a su archienemiga y de convertirse en vicepresidente, a pesar de que tres de cada cuatro brasile\u00f1os apoyan su suspensi\u00f3n, seg\u00fan la \u00faltima encuesta del Instituto Datafolha, del peri\u00f3dico Folha de S. Paulo.<\/p>\n<p>La decisi\u00f3n del Supremo responde a una petici\u00f3n de hace cuatro meses del fiscal general de la Rep\u00fablica, que alega que Cunha usa la presidencia de la C\u00e1mara para defenderse de las acusaciones de corrupci\u00f3n. El juez del Supremo asegura que la presidencia del Parlamento &#8220;representa un riesgo para las investigaciones&#8221; y &#8220;conspira contra la dignidad de la instituci\u00f3n&#8221;.<\/p>\n","protected":false},"excerpt":{"rendered":"<p>Cae el principal acusador de Dilma Rousseff El pol\u00edtico, investigado en el caso Petrobras y que lider\u00f3 la destituci\u00f3n de Rousseff, pierde su cargo de diputado<\/p>\n","protected":false},"author":93,"featured_media":0,"comment_status":"open","ping_status":"open","sticky":false,"template":"","format":"standard","meta":{"footnotes":""},"categories":[31],"tags":[],"class_list":["post-20720","post","type-post","status-publish","format-standard","hentry","category-orbe"],"_links":{"self":[{"href":"https:\/\/plazajuarez.mx\/historico\/wp-json\/wp\/v2\/posts\/20720","targetHints":{"allow":["GET"]}}],"collection":[{"href":"https:\/\/plazajuarez.mx\/historico\/wp-json\/wp\/v2\/posts"}],"about":[{"href":"https:\/\/plazajuarez.mx\/historico\/wp-json\/wp\/v2\/types\/post"}],"author":[{"embeddable":true,"href":"https:\/\/plazajuarez.mx\/historico\/wp-json\/wp\/v2\/users\/93"}],"replies":[{"embeddable":true,"href":"https:\/\/plazajuarez.mx\/historico\/wp-json\/wp\/v2\/comments?post=20720"}],"version-history":[{"count":0,"href":"https:\/\/plazajuarez.mx\/historico\/wp-json\/wp\/v2\/posts\/20720\/revisions"}],"wp:attachment":[{"href":"https:\/\/plazajuarez.mx\/historico\/wp-json\/wp\/v2\/media?parent=20720"}],"wp:term":[{"taxonomy":"category","embeddable":true,"href":"https:\/\/plazajuarez.mx\/historico\/wp-json\/wp\/v2\/categories?post=20720"},{"taxonomy":"post_tag","embeddable":true,"href":"https:\/\/plazajuarez.mx\/historico\/wp-json\/wp\/v2\/tags?post=20720"}],"curies":[{"name":"wp","href":"https:\/\/api.w.org\/{rel}","templated":true}]}}